{"id":1400,"date":"2010-11-05T17:42:30","date_gmt":"2010-11-05T20:42:30","guid":{"rendered":"http:\/\/www.guiabutanta.com\/butanta\/?p=1400"},"modified":"2019-04-12T15:53:59","modified_gmt":"2019-04-12T18:53:59","slug":"centro-de-seguranca-alimentar-do-butanta-divulga-programa-de-atividades-de-novembro","status":"publish","type":"post","link":"http:\/\/www.guiabutanta.com\/sobre\/centro-de-seguranca-alimentar-do-butanta-divulga-programa-de-atividades-de-novembro\/","title":{"rendered":"Centro de seguran\u00e7a alimentar do Butant\u00e3 divulga programa de atividades de novembro"},"content":{"rendered":"<p>O Centro de Refer\u00eancia em Seguran\u00e7a Alimentar e Nutricional do Sustent\u00e1vel do  Butant\u00e3 (CRSANS-BT)\u00a0divulga a programa\u00e7\u00e3o de atividades que acontecem\u00a0em  novembro. O projeto promove a\u00e7\u00f5es de constru\u00e7\u00e3o da cidadania e seguran\u00e7a  alimentar e nutricional sustent\u00e1vel, com interven\u00e7\u00f5es s\u00f3cio-educativas, sobre o  acesso aos alimentos, \u00e0s pr\u00e1ticas e \u00e0s informa\u00e7\u00f5es necess\u00e1rias para uma  alimenta\u00e7\u00e3o saud\u00e1vel, para garantir a sa\u00fade e qualidade de vida.<\/p>\n<p><strong>PROGRAMA\u00c7\u00c3O DE ATIVIDADES M\u00caS DE NOVEMBRO  2010<\/p>\n<p><\/strong><strong>GRUPO DE DISCUSS\u00c3O SOBRE ALIMENTA\u00c7\u00c3O  SAUD\u00c1VEL<\/strong><\/p>\n<p><strong>Data:<\/strong> 03 de novembro \u2013 das 9h \u00e0s 11h  \u2013 Adolescentes UBS Vila Borges<br \/>\n04, 11, 18, 25 de NOVEMBRO (quintas- feiras)  das 14h \u00e0s 16h<br \/>\n<strong>Objetivo:<\/strong> Refletir sobre o que e como  comemos para nos manter saud\u00e1veis<br \/>\n<strong>Coordenador:<\/strong> Daniela  Santoz e Luana Maron nutricionistas &#8211; FSP-USP<br \/>\n<strong>P\u00fablico:<\/strong> a  partir de 15 anos<br \/>\n<strong>Vagas:<\/strong> 12<\/p>\n<p><strong>SEMIN\u00c1RIO DE  ECONOMIA SOLID\u00c1RIA<\/strong><\/p>\n<p><strong>Data:<\/strong> 08 e 22  de\u00a0novembro(segunda-feira) das 9h \u00e0s 12h, das 14h \u00e0s 17h<br \/>\n<strong>Objetivo:<\/strong> Discutir os desafios e possibilidades do mundo do  trabalho, sensibilizar o p\u00fablico para as possibilidades de trabalho, a  partir dos princ\u00edpios da Economia Solid\u00e1ria e de formas alternativas de consumo  como feiras de trocas e n\u00facleos de compras.<br \/>\n<strong>Coordenador:<\/strong> Nadir Moraes; Werner Regenthal; Aline Queiroz e Paulo Dias &#8211; ITCP\/USP<br \/>\n<strong>P\u00fablico:<\/strong> alunos do programa de qualifica\u00e7\u00e3o de jovens para  o segmento tur\u00edstico e pessoas interessadas<\/p>\n<p><strong>OFICINA CONFEC\u00c7\u00c3O DE  IM\u00c3 (MATERIAL REAPROVEITADO)<\/p>\n<p>Data:<\/strong> 16 de novembro(ter\u00e7a-feira)  das 10h \u00e1s 12h<br \/>\n<strong>Objetivo:<\/strong> Produ\u00e7\u00e3o de im\u00e3 de geladeira, com  material reaproveitado<br \/>\n<strong>Coordenador:<\/strong> Paulo Diaz- ITCP\/USP<br \/>\n<strong>P\u00fablico:<\/strong> a partir 10 anos<br \/>\n<strong>Vagas:<\/strong> 12<\/p>\n<p><strong>OFICINA PLANTIO EM PEQUENOS ESPA\u00c7OS<\/strong><\/p>\n<p><strong>Data:<\/strong> 19 de\u00a0novembro das 10h \u00e0s 12h<br \/>\n<strong>Objetivo:<\/strong> Apresentar aos participantes a possibilidade do  uso de espa\u00e7os alternativos\/ uso de recipientes alternativos para o cultivo de  plantas. Orientando sobre as t\u00e9cnicas de plantio.<br \/>\n<strong>Coordenador:<\/strong> Ana C. Campos; Pedro V. Zacarias &#8211; NGD-CO1<br \/>\n<strong>P\u00fablico:<\/strong> crian\u00e7as e adultos<br \/>\n<strong>Vagas:<\/strong> 20<\/p>\n<p><strong>OFICINA CONFEC\u00c7\u00c3O TERR\u00c1RIO<\/strong><\/p>\n<p><strong>Data:<\/strong> 23 de\u00a0novembro 14h30 \u00e0s 16h<br \/>\nTrazer um pote de  pl\u00e1stico ou vidro (ex. embalagem de caf\u00e9 ou maionese)<br \/>\n<strong>Objetivo:<\/strong> Construir um terr\u00e1rio para aprender na pr\u00e1tica o  funcionamento dos ciclos da natureza.<br \/>\n<strong>Coordenador:<\/strong> Ana C.  Campos; Pedro V. Zacarias &#8211; NGD-CO1<br \/>\n<strong>P\u00fablico:<\/strong> crian\u00e7as e  adultos<br \/>\n<strong>Vagas:<\/strong> 20<\/p>\n<p><strong>PALESTRA SEMENTES  CRIOULAS<br \/>\n<\/strong><br \/>\n<strong>Data:<\/strong> 24 de\u00a0novembro (quarta-feira)  das 10h \u00e0s 12h<br \/>\n<strong>Objetivo:<\/strong> Resgatar as chamadas \u201csementes  crioulas\u201d e a diversidade biol\u00f3gica e cultural que trazem.<br \/>\n<strong>Coordenador:<\/strong> Caio Yamazaki Saravalle<br \/>\n<strong>P\u00fablico<\/strong>: a partir de 16 anos<br \/>\n<strong>Vagas:<\/strong> 20<\/p>\n<p><strong>PALESTRA \u201cO QUE COMEMOS?\u201d<br \/>\n<\/strong><br \/>\n<strong>Data:<\/strong> 26 de\u00a0novembro das 10h \u00e0s 12h<br \/>\n<strong>Objetivo:<\/strong> Orientar sobre a compra dos alimentos,  enfatizando a import\u00e2ncia da leitura dos r\u00f3tulos produtos.<br \/>\n<strong>Coordenadoras:<\/strong> Lilian Rossi (nutricionista); Solange  Redolfi (t\u00e9cnica-pedagoga\/nutricionista NGD- CO1)<br \/>\n<strong>P\u00fablico:<\/strong> grupos de adultos e grupos de crian\u00e7as<br \/>\n<strong>Vagas:<\/strong> 25<\/p>\n<p><strong>CONTA\u00c7\u00c3O DE HIST\u00d3RIAS<br \/>\n<\/strong><br \/>\nLiteratura Nordestina,  Hindu, Chinesa, al\u00e9m de contos recolhidos da cultura popular. Enfatizar sobre a  comida preferida de Ganesch, que \u00e9 o gr\u00e3o de bico; e quanto a cultura chinesa  -Yakissoba.<br \/>\n11 de novembro (quinta-feira) das 9h \u00e0s 10h30 e 14h e 15h30<br \/>\n16 de\u00a0novembro (ter\u00e7a-feira) das 9h \u00e0s 10h30 e 14h e 15h30<br \/>\n<strong>Coordenador:<\/strong> ASPF- Girassol<br \/>\n<strong>P\u00fablico:<\/strong> crian\u00e7as<\/p>\n<p><strong>OFICINA LANCHE SAUD\u00c1VEL<br \/>\n<\/strong><br \/>\n<strong>Data:<\/strong> 12 de\u00a0novembro (sexta-feira) das 9h30 \u00e0s  11h30<br \/>\n<strong>Objetivo:<\/strong> Orientar a prepara\u00e7\u00e3o de lanches saud\u00e1veis,  refor\u00e7ando a import\u00e2ncia do consumo de Frutas, legumes e verduras.<br \/>\n<strong>Coordenadores:<\/strong> Mariana Rom\u00e3o (Polis); Lilian Rossi  (nutricionista), Solange Redolfi (t\u00e9cnica- pedagoga\/nutricionista NGD- CO1)<br \/>\n<strong>P\u00fablico:<\/strong> grupos de adultos e grupos de crian\u00e7as<br \/>\n<strong>Vagas:<\/strong> 20<\/p>\n<p><strong>OFICINA CONFEC\u00c7\u00c3O GUIRLANDA  NATAL<\/strong><\/p>\n<p><strong>Data:<\/strong> 22 de\u00a0novembro (segunda-feira) das  14h \u00e0s 17h<br \/>\n<strong>Objetivo:<\/strong> Demonstrar possibilidades do  reaproveitamento de materiais descartados no lixo (jornal).<br \/>\n<strong>Coordenador:<\/strong> Solange Redolfi (t\u00e9cnica-  pedagoga\/nutricionista NGD-CO1)<br \/>\n<strong>P\u00fablico:<\/strong> a partir de 15  anos<br \/>\n<strong>Vagas:<\/strong> 15<\/p>\n<p><strong>Endere\u00e7o:<\/strong> Rua  Nella Murari Rosa, n\u00ba 40, Jd. Jaqueline.<br \/>\nEntrada pela rua Bas\u00edlio Levi &#8211;  altura do km 14,5 da Rod. Raposo Tavares. Pr\u00f3ximo ao ponto final do \u00f4nibus Santo  Amaro &#8211; Jaqueline (746H-10)<br \/>\n<strong>Telefone para inscri\u00e7\u00f5es<\/strong>:  (11)\u00a03731-7126<\/p>\n<p><em>Fonte: Instituto P\u00f3lis<\/em><\/p>\n","protected":false},"excerpt":{"rendered":"<p>O Centro de Refer\u00eancia em Seguran\u00e7a Alimentar e Nutricional do Sustent\u00e1vel do Butant\u00e3 (CRSANS-BT)\u00a0divulga a programa\u00e7\u00e3o de atividades que acontecem\u00a0em novembro. O projeto promove a\u00e7\u00f5es de constru\u00e7\u00e3o da cidadania e seguran\u00e7a alimentar e nutricional sustent\u00e1vel, com interven\u00e7\u00f5es s\u00f3cio-educativas, sobre o acesso aos alimentos, \u00e0s pr\u00e1ticas e \u00e0s informa\u00e7\u00f5es necess\u00e1rias para uma alimenta\u00e7\u00e3o saud\u00e1vel, para garantir a sa\u00fade e qualidade de vida. PROGRAMA\u00c7\u00c3O DE ATIVIDADES M\u00caS DE NOVEMBRO 2010 GRUPO DE DISCUSS\u00c3O SOBRE ALIMENTA\u00c7\u00c3O SAUD\u00c1VEL Data: 03 de novembro \u2013 das 9h \u00e0s 11h \u2013 Adolescentes UBS Vila Borges 04, 11, 18, 25 de NOVEMBRO (quintas- feiras) das 14h \u00e0s 16h <\/p>\n","protected":false},"author":1,"featured_media":0,"comment_status":"open","ping_status":"closed","sticky":false,"template":"","format":"standard","meta":{"footnotes":""},"categories":[8],"tags":[10],"class_list":["post-1400","post","type-post","status-publish","format-standard","hentry","category-noticias-no-butanta","tag-butanta"],"aioseo_notices":[],"_links":{"self":[{"href":"http:\/\/www.guiabutanta.com\/sobre\/wp-json\/wp\/v2\/posts\/1400","targetHints":{"allow":["GET"]}}],"collection":[{"href":"http:\/\/www.guiabutanta.com\/sobre\/wp-json\/wp\/v2\/posts"}],"about":[{"href":"http:\/\/www.guiabutanta.com\/sobre\/wp-json\/wp\/v2\/types\/post"}],"author":[{"embeddable":true,"href":"http:\/\/www.guiabutanta.com\/sobre\/wp-json\/wp\/v2\/users\/1"}],"replies":[{"embeddable":true,"href":"http:\/\/www.guiabutanta.com\/sobre\/wp-json\/wp\/v2\/comments?post=1400"}],"version-history":[{"count":0,"href":"http:\/\/www.guiabutanta.com\/sobre\/wp-json\/wp\/v2\/posts\/1400\/revisions"}],"wp:attachment":[{"href":"http:\/\/www.guiabutanta.com\/sobre\/wp-json\/wp\/v2\/media?parent=1400"}],"wp:term":[{"taxonomy":"category","embeddable":true,"href":"http:\/\/www.guiabutanta.com\/sobre\/wp-json\/wp\/v2\/categories?post=1400"},{"taxonomy":"post_tag","embeddable":true,"href":"http:\/\/www.guiabutanta.com\/sobre\/wp-json\/wp\/v2\/tags?post=1400"}],"curies":[{"name":"wp","href":"https:\/\/api.w.org\/{rel}","templated":true}]}}