{"id":22801,"date":"2013-05-09T10:56:57","date_gmt":"2013-05-09T13:56:57","guid":{"rendered":"http:\/\/www.guiabutanta.com\/butanta\/?p=22801"},"modified":"2019-04-12T15:49:58","modified_gmt":"2019-04-12T18:49:58","slug":"casa-de-cultura-do-butanta-tem-vagas-abertas-para-oficinas-gratuitas","status":"publish","type":"post","link":"http:\/\/www.guiabutanta.com\/sobre\/casa-de-cultura-do-butanta-tem-vagas-abertas-para-oficinas-gratuitas\/","title":{"rendered":"Casa de Cultura do Butant\u00e3 tem vagas abertas para oficinas gratuitas"},"content":{"rendered":"<p>A <a href=\"http:\/\/www.guiabutanta.com\/obutanta\/casa-da-cultura-no-butanta.html\" target=\"_blank\">Casa de Cultura do Butant\u00e3<\/a>, fundada h\u00e1 21 anos, oferece diversas oficinas gratuitas \u00e0 comunidade, veja a programa\u00e7\u00e3o abaixo.<\/p>\n<p>Al\u00e9m das oficinas que ocorrem durante a semana, promove tamb\u00e9m eventos no bairro do Butant\u00e3 semanais e mensais, como sarau e exposi\u00e7\u00f5es; e ainda o grande evento anual, a Festa Junina.<\/p>\n<p>A Casa conta ainda com tr\u00eas espa\u00e7os culturais permanentes: O Ponto de Leitura, O Memorial do Bairro do Butant\u00e3 e o Memorial da Casa de Cultura.<\/p>\n<p><strong>PROGRAMA\u00c7\u00c3O<\/strong><\/p>\n<p><strong>OFICINAS GRATUITAS<\/strong><\/p>\n<p><strong>CAPOEIRA<\/strong> \u2013 S\u00e1bados, das 8h \u00e0s 11h com Mestre Oliveira.<\/p>\n<p><strong>DAN\u00c7A DE SAL\u00c3O<\/strong> &#8211; Sextas, das 15 \u00e0s 16h com Luciana Guimar\u00e3es e s\u00e1bados, das 11h30 \u00e0s 13h30 com N\u00e9stor Quintana.<\/p>\n<p><strong>DAN\u00c7A ESPANHOLA <\/strong>\u2013 Quartas, das 10h45 \u00e0s 11h45 com Renata Bezerra Nunes.<\/p>\n<p><strong>INICIA\u00c7\u00c3O TEATRAL<\/strong> \u2013 S\u00e1bados, das 14h30 \u00e0s 18h30 com M\u00edriam Selma e Tony Moreno.<br \/>\n<strong><br \/>\nLIAN GONG<\/strong> &#8211; Segundas, das 18h30 \u00e0s 20h;\u00a0 quartas e sextas das 8h30 \u00e0s 10h com Isa Castiglione.<\/p>\n<p><strong>ORIGAMI <\/strong>\u2013 Ter\u00e7as, das 10h30 \u00e0s 12h com Helena Goto<\/p>\n<p><strong>PERCUSS\u00c3O<\/strong> \u2013 Quartas, das 17 \u00e0s 19h com Vitor Santos<\/p>\n<p><strong>SAPATEADO AMERICANO<\/strong> \u2013 Sextas, das 10h30 \u00e0s 13h com Luciana Guimar\u00e3es<\/p>\n<p><strong>TAI CHI CHUAN<\/strong> \u2013 Ter\u00e7as, das 8h:30 \u00e0s 11h e quartas, das 19 \u00e0s 20h com Isa Castiglione<\/p>\n<p><strong>VIOL\u00c3O<\/strong> \u2013 Sextas, das 16h30 \u00e0s 17h30 com Cl\u00f3vis Ribeiro<\/p>\n<p><strong>VOCACIONAL<\/strong> (M\u00fasica) \u2013 Quartas, das 15 \u00e0s 17h e sextas, das 16 \u00e0s 18h com Cleber Spolle<\/p>\n<p><strong>YOGA<\/strong> &#8211; Ter\u00e7as, das 14 \u00e0s 15h30 com Marcela Maia<br \/>\n<strong><br \/>\nGRUPO CULTURA E VIDA (CORAL E DAN\u00c7A C\u00caNICA)<\/strong> \u2013 Quartas, das 14 \u00e0s 16h com o Grupo da Terceira Idade<br \/>\n<strong>SARAU DA CASA<\/strong> &#8211; Evento Mensal \u2013 O encontro dos amantes da m\u00fasica, da literatura e das artes em geral.<br \/>\n<strong>Em 25\/5\/2013 <\/strong>homenagearemos Noel Rosa, Mario Quintana, Elizeth Cardoso, Catulo da Paix\u00e3o Cearense, Z\u00e9lia Gattai, Z\u00e9 Rodrix e M\u00e1rio Lago.<\/p>\n<p><strong>9.\u00aa FESTA JUNINA DA CASA DE CULTURA<\/strong><br \/>\nTradicional evento anual<br \/>\nDias 22 e 23 de junho de 2013<br \/>\nMuita comida, muito show, muita alegria e confraterniza\u00e7\u00e3o no<strong> \u201cARRAI\u00c1 DE S\u00c3O JO\u00c3O\u201d<\/strong><\/p>\n<p><strong>Servi\u00e7o:<\/strong> Casa de Cultura Butant\u00e3 &#8211; Avenida Junta Mizumoto, 13, no Jardim Peri-Peri.\u00a0<strong>Informa\u00e7\u00f5es<\/strong>: 3742-6218<\/p>\n<p><em>Fonte: Prefeitura de S\u00e3o Paulo<\/em><\/p>\n","protected":false},"excerpt":{"rendered":"<p>A Casa de Cultura do Butant\u00e3, fundada h\u00e1 21 anos, oferece diversas oficinas gratuitas \u00e0 comunidade, veja a programa\u00e7\u00e3o abaixo. Al\u00e9m das oficinas que ocorrem durante a semana, promove tamb\u00e9m eventos no bairro do Butant\u00e3 semanais e mensais, como sarau e exposi\u00e7\u00f5es; e ainda o grande evento anual, a Festa Junina. A Casa conta ainda com tr\u00eas espa\u00e7os culturais permanentes: O Ponto de Leitura, O Memorial do Bairro do Butant\u00e3 e o Memorial da Casa de Cultura. PROGRAMA\u00c7\u00c3O OFICINAS GRATUITAS CAPOEIRA \u2013 S\u00e1bados, das 8h \u00e0s 11h com Mestre Oliveira. DAN\u00c7A DE SAL\u00c3O &#8211; Sextas, das 15 \u00e0s 16h com <\/p>\n","protected":false},"author":1,"featured_media":0,"comment_status":"open","ping_status":"closed","sticky":false,"template":"","format":"standard","meta":{"footnotes":""},"categories":[4],"tags":[10],"class_list":["post-22801","post","type-post","status-publish","format-standard","hentry","category-cursos-no-butanta","tag-butanta"],"aioseo_notices":[],"_links":{"self":[{"href":"http:\/\/www.guiabutanta.com\/sobre\/wp-json\/wp\/v2\/posts\/22801","targetHints":{"allow":["GET"]}}],"collection":[{"href":"http:\/\/www.guiabutanta.com\/sobre\/wp-json\/wp\/v2\/posts"}],"about":[{"href":"http:\/\/www.guiabutanta.com\/sobre\/wp-json\/wp\/v2\/types\/post"}],"author":[{"embeddable":true,"href":"http:\/\/www.guiabutanta.com\/sobre\/wp-json\/wp\/v2\/users\/1"}],"replies":[{"embeddable":true,"href":"http:\/\/www.guiabutanta.com\/sobre\/wp-json\/wp\/v2\/comments?post=22801"}],"version-history":[{"count":0,"href":"http:\/\/www.guiabutanta.com\/sobre\/wp-json\/wp\/v2\/posts\/22801\/revisions"}],"wp:attachment":[{"href":"http:\/\/www.guiabutanta.com\/sobre\/wp-json\/wp\/v2\/media?parent=22801"}],"wp:term":[{"taxonomy":"category","embeddable":true,"href":"http:\/\/www.guiabutanta.com\/sobre\/wp-json\/wp\/v2\/categories?post=22801"},{"taxonomy":"post_tag","embeddable":true,"href":"http:\/\/www.guiabutanta.com\/sobre\/wp-json\/wp\/v2\/tags?post=22801"}],"curies":[{"name":"wp","href":"https:\/\/api.w.org\/{rel}","templated":true}]}}