{"id":24699,"date":"2026-04-30T14:46:19","date_gmt":"2026-04-30T17:46:19","guid":{"rendered":"https:\/\/www.guiabutanta.com\/sobre\/greve-da-usp-sindicato-aceita-propostas-da-reitoria-para-fim-da-paralisacao\/"},"modified":"2026-04-30T14:46:19","modified_gmt":"2026-04-30T17:46:19","slug":"greve-da-usp-sindicato-aceita-propostas-da-reitoria-para-fim-da-paralisacao","status":"publish","type":"post","link":"http:\/\/www.guiabutanta.com\/sobre\/greve-da-usp-sindicato-aceita-propostas-da-reitoria-para-fim-da-paralisacao\/","title":{"rendered":"Greve da USP: sindicato aceita propostas da reitoria para fim da paralisa\u00e7\u00e3o"},"content":{"rendered":"<h2>Greve na USP: Acordo entre a Reitoria e o SINTUSP<\/h2>\n<p>A reitoria da <strong>Universidade de S\u00e3o Paulo (USP)<\/strong>, juntamente com o <strong>Sindicato dos Trabalhadores da USP (SINTUSP)<\/strong>, promoveu uma assembleia no dia 23 de abril de 2026, com o intuito de apresentar solu\u00e7\u00f5es para as quest\u00f5es levantadas durante a paralisa\u00e7\u00e3o dos servi\u00e7os. Ap\u00f3s intensos debates, as propostas formuladas pela reitoria foram aceitas pelo sindicato, abrindo caminho para a retomada das atividades acad\u00eamicas.<\/p>\n<p>A reitoria enfatizou a import\u00e2ncia de um di\u00e1logo construtivo e reiterou o lema que orientou sua campanha eleitoral: &#8220;USP pelas Pessoas&#8221;. Foi esclarecido que a concess\u00e3o da <strong>Gratifica\u00e7\u00e3o por Atividades Complementares Estrat\u00e9gicas (GACE)<\/strong> n\u00e3o tem o intuito de discriminar entre docentes e servidores t\u00e9cnicos e administrativos. Al\u00e9m disso, a gest\u00e3o j\u00e1 est\u00e1 trabalhando no processo de progress\u00e3o de carreira e no <strong>Plano de Desenvolvimento Individual (PDI)<\/strong> para os servidores.<\/p>\n<h2>O Papel do SINTUSP e as Propostas da Reitoria<\/h2>\n<p>Os representantes do SINTUSP expressaram sua insatisfa\u00e7\u00e3o com algumas das propostas apresentadas e solicitaram a inclus\u00e3o da representa\u00e7\u00e3o estudantil nas discuss\u00f5es, o que n\u00e3o foi aceito pela reitoria. Embora houvesse diverg\u00eancias, a reitoria finalmente ofereceu algumas condi\u00e7\u00f5es para a cessa\u00e7\u00e3o das paralisa\u00e7\u00f5es, incluindo:<\/p>\n<p><img decoding=\"async\" src=\"http:\/\/www.guiabutanta.com\/sobre\/wp-content\/uploads\/2026\/04\/greve-da-usp-sindicato-aceita-propostas-da-reitoria-para-fim-da-paralisacao.webp\" alt=\"greve da USP\" loading=\"lazy\" \/><\/p>\n<ul>\n<li><strong>Programa de gratifica\u00e7\u00e3o<\/strong> para os servidores t\u00e9cnicos e administrativos.<\/li>\n<li><strong>Abono de horas<\/strong> referentes a &#8220;pontes&#8221; e recesso de final de ano.<\/li>\n<li><strong>Melhorias nas condi\u00e7\u00f5es de transporte<\/strong> para os trabalhadores terceirizados.<\/li>\n<\/ul>\n<p>Essas medidas visam n\u00e3o apenas trazer al\u00edvio imediato \u00e0s demandas dos trabalhadores, mas tamb\u00e9m garantir um ambiente mais justo e respeitoso dentro da universidade.<\/p>\n<h2>Entenda a Greve na USP<\/h2>\n<p>No dia 15 de abril de 2026, os alunos do campus Butant\u00e3 da USP decidiram iniciar uma greve de tempo indeterminado em apoio aos funcion\u00e1rios, que j\u00e1 haviam paralisado suas atividades. A decis\u00e3o foi tomada durante uma assembleia geral convocada pelo <strong>Diret\u00f3rio Central dos Estudantes (DCE)<\/strong> e ocorreu no v\u00e3o da <strong>Faculdade de Filosofia, Letras e Ci\u00eancias Humanas (FFLCH-USP)<\/strong>.<\/p>\n<p>As principais reivindica\u00e7\u00f5es dos alunos incluem:<\/p>\n<ul>\n<li><strong>Melhorias nas condi\u00e7\u00f5es dos bandej\u00f5es<\/strong> e combate \u00e0 privatiza\u00e7\u00e3o.<\/li>\n<li><strong>Aumento do valor<\/strong> do Programa de Apoio \u00e0 Perman\u00eancia e Forma\u00e7\u00e3o Estudantil (PAPFE) para um sal\u00e1rio m\u00ednimo paulista.<\/li>\n<li><strong>Aumento da oferta<\/strong> de programas para a perman\u00eancia estudantil.<\/li>\n<li><strong>Defesa dos espa\u00e7os estudantis<\/strong> e busca por isonomia entre docentes e funcion\u00e1rios.<\/li>\n<\/ul>\n<p>Os estudantes, tamb\u00e9m no dia 14 de abril, j\u00e1 haviam realizado uma paralisa\u00e7\u00e3o como forma de apoio aos funcion\u00e1rios, j\u00e1 que o <strong>SINTUSP<\/strong> havia solicitado melhores condi\u00e7\u00f5es de trabalho e reajustes salariais.<\/p>\n<h2>A Import\u00e2ncia do Di\u00e1logo na Educa\u00e7\u00e3o<\/h2>\n<p>O di\u00e1logo aberto e construtivo entre a reitoria e a comunidade acad\u00eamica \u00e9 fundamental para o fortalecimento da institui\u00e7\u00e3o. Em um ambiente como a USP, onde diversas perspectivas coexistem, \u00e9 essencial que as partes envolvidas busquem um entendimento m\u00fatuo que atenda \u00e0s necessidades de alunos, professores e servidores. As negocia\u00e7\u00f5es em curso demonstram que um compromisso compartilhado pode resultar em solu\u00e7\u00f5es eficazes e satisfat\u00f3rias para todos os grupos.<\/p>\n<h2>Impactos da Greve na Comunidade Acad\u00eamica<\/h2>\n<p>A greve traz consigo desafios significativos para a comunidade acad\u00eamica. A interrup\u00e7\u00e3o das atividades afeta n\u00e3o s\u00f3 as aulas e provas, mas tamb\u00e9m compromete a continuidade de projetos de pesquisa e extens\u00e3o. Al\u00e9m disso, o clima de incerteza pode gerar um impacto negativo na forma\u00e7\u00e3o dos estudantes, que dependem de um ambiente est\u00e1vel para seu aprendizado.<\/p>\n<p>Por outro lado, a paralisa\u00e7\u00e3o tamb\u00e9m \u00e9 um momento de mobiliza\u00e7\u00e3o e conscientiza\u00e7\u00e3o sobre as dificuldades enfrentadas no dia a dia da universidade, colocando em pauta a luta por melhores condi\u00e7\u00f5es e um espa\u00e7o mais democr\u00e1tico e igualit\u00e1rio.<\/p>\n<h2>Hist\u00f3rico das Greves na USP<\/h2>\n<p>A USP tem um longo hist\u00f3rico de greves e mobiliza\u00e7\u00f5es. Nos \u00faltimos anos, diversas paralisa\u00e7\u00f5es ocorreram em fun\u00e7\u00e3o de reivindica\u00e7\u00f5es trabalhistas e acad\u00eamicas. Essas manifesta\u00e7\u00f5es refletem a insatisfa\u00e7\u00e3o acumulada por docentes e funcion\u00e1rios a respeito das pol\u00edticas de gest\u00e3o e as condi\u00e7\u00f5es de trabalho. Historicamente, essas greves t\u00eam sido crucial para a constru\u00e7\u00e3o de um di\u00e1logo mais efetivo entre a administra\u00e7\u00e3o e a comunidade.<\/p>\n<h2>Reivindica\u00e7\u00f5es dos Estudantes<\/h2>\n<p>Os estudantes, al\u00e9m de se solidarizarem com a luta dos trabalhadores, buscam melhorias nas condi\u00e7\u00f5es estruturais e servi\u00e7os oferecidos pela universidade. O aumento do valor do PAPFE, a defesa dos bandej\u00f5es e a amplia\u00e7\u00e3o de espa\u00e7os de conviv\u00eancia s\u00e3o algumas das demandas que visam tornar a universidade mais acolhedora e acess\u00edvel a todos.<\/p>\n<h2>Expectativas Ap\u00f3s a Retomada<\/h2>\n<p>Com a aceita\u00e7\u00e3o das propostas da reitoria, espera-se que a normalidade nas atividades acad\u00eamicas seja restabelecida rapidamente. Contudo, a comunidade acad\u00eamica permanece atenta \u00e0s promessas feitas e monitora cuidadosamente as a\u00e7\u00f5es que se seguir\u00e3o ao retorno das aulas. \u00c9 imprescind\u00edvel que a gest\u00e3o reitoral cumpra com os acordos firmados e que continue a promover um di\u00e1logo aberto.<\/p>\n<h2>Desafios pela Frente<\/h2>\n<p>A retomada das atividades n\u00e3o significa o fim das discuss\u00f5es sobre melhores condi\u00e7\u00f5es de trabalho e estudos. Ao contr\u00e1rio, os representantes do SINTUSP e os estudantes entendem que a luta deve continuar e que as reivindica\u00e7\u00f5es precisam ser atendidas de forma justa e transparente. Oportunidades de di\u00e1logo sistem\u00e1tico devem ser criadas para assegurar que as vozes de alunos e servidores continuem a ser ouvidas.<\/p>\n<h2>Apoio ao Funcion\u00e1rio e Aluno<\/h2>\n<p>O apoio m\u00fatuo entre estudantes e trabalhadores \u00e9 essencial para fortalecer a luta por direitos e melhorias nas condi\u00e7\u00f5es de trabalho e estudo. A uni\u00e3o das classes pode criar um ambiente favor\u00e1vel a mudan\u00e7as significativas e positivas dentro da universidade, criando um modelo de gest\u00e3o mais democr\u00e1tico e inclusivo.<\/p>\n<p>Essas intera\u00e7\u00f5es s\u00e3o uma manifesta\u00e7\u00e3o do esp\u00edrito colaborativo que deve prevalecer em uma institui\u00e7\u00e3o superior de ensino, onde o bem-estar de todos aqueles que comp\u00f5em a comunidade universit\u00e1ria deve ser a prioridade. O apoio cont\u00ednuo a esses movimentos pode contribuir para um futuro melhor para a educa\u00e7\u00e3o superior no Brasil.<\/p>\n","protected":false},"excerpt":{"rendered":"<p>Greve da USP chega ao fim com propostas da reitoria aceitas pelo sindicato.<\/p>\n","protected":false},"author":1,"featured_media":24698,"comment_status":"closed","ping_status":"closed","sticky":false,"template":"","format":"standard","meta":{"footnotes":""},"categories":[8],"tags":[],"class_list":["post-24699","post","type-post","status-publish","format-standard","has-post-thumbnail","hentry","category-noticias-no-butanta","has_thumb"],"aioseo_notices":[],"_links":{"self":[{"href":"http:\/\/www.guiabutanta.com\/sobre\/wp-json\/wp\/v2\/posts\/24699","targetHints":{"allow":["GET"]}}],"collection":[{"href":"http:\/\/www.guiabutanta.com\/sobre\/wp-json\/wp\/v2\/posts"}],"about":[{"href":"http:\/\/www.guiabutanta.com\/sobre\/wp-json\/wp\/v2\/types\/post"}],"author":[{"embeddable":true,"href":"http:\/\/www.guiabutanta.com\/sobre\/wp-json\/wp\/v2\/users\/1"}],"replies":[{"embeddable":true,"href":"http:\/\/www.guiabutanta.com\/sobre\/wp-json\/wp\/v2\/comments?post=24699"}],"version-history":[{"count":0,"href":"http:\/\/www.guiabutanta.com\/sobre\/wp-json\/wp\/v2\/posts\/24699\/revisions"}],"wp:featuredmedia":[{"embeddable":true,"href":"http:\/\/www.guiabutanta.com\/sobre\/wp-json\/wp\/v2\/media\/24698"}],"wp:attachment":[{"href":"http:\/\/www.guiabutanta.com\/sobre\/wp-json\/wp\/v2\/media?parent=24699"}],"wp:term":[{"taxonomy":"category","embeddable":true,"href":"http:\/\/www.guiabutanta.com\/sobre\/wp-json\/wp\/v2\/categories?post=24699"},{"taxonomy":"post_tag","embeddable":true,"href":"http:\/\/www.guiabutanta.com\/sobre\/wp-json\/wp\/v2\/tags?post=24699"}],"curies":[{"name":"wp","href":"https:\/\/api.w.org\/{rel}","templated":true}]}}