{"id":372,"date":"2009-02-10T16:00:38","date_gmt":"2009-02-10T19:00:38","guid":{"rendered":"http:\/\/www.guiabutanta.com\/butanta\/?p=372"},"modified":"2019-04-12T15:54:27","modified_gmt":"2019-04-12T18:54:27","slug":"curso-especializacao-gestao-comunicacao-usp-no-butanta-abre-inscricoes","status":"publish","type":"post","link":"http:\/\/www.guiabutanta.com\/sobre\/curso-especializacao-gestao-comunicacao-usp-no-butanta-abre-inscricoes\/","title":{"rendered":"Curso Especializa\u00e7\u00e3o Gest\u00e3o Comunica\u00e7\u00e3o USP no Butant\u00e3 abre inscri\u00e7\u00f5es"},"content":{"rendered":"<p>O curso de especializa\u00e7\u00e3o lato sensu Gest\u00e3o da Comunica\u00e7\u00e3o: Pol\u00edticas, Educa\u00e7\u00e3o  e Cultura, da Escola de Comunica\u00e7\u00f5es e Artes da Universidade de S\u00e3o Paulo  (ECA-USP), no <a title=\"Guia do Bairro Butant\u00e3 - Guia Butant\u00e3\" href=\"http:\/\/www.guiabutanta.com\">Butant\u00e3<\/a>, est\u00e1 com inscri\u00e7\u00f5es abertas para o primeiro semestre de 2009. Sua  estrutura em m\u00f3dulos totaliza um ano e meio de atividades. As aulas ter\u00e3o in\u00edcio  em mar\u00e7o e ser\u00e3o realizadas durante a semana \u00e0 noite (2\u00aas, 3\u00aas, e 4\u00aas feiras,  al\u00e9m de uma 5\u00aa feira por m\u00eas). Entre 16 a 27 de fevereiro os interessados podem  se inscrever atrav\u00e9s do site www.eca.usp.br\/gestcom.<br \/>\nCriado h\u00e1  16 anos e ministrado por professores com larga experi\u00eancia em p\u00f3s-gradua\u00e7\u00e3o na  USP, o curso forma especialistas em Gest\u00e3o da Comunica\u00e7\u00e3o: Pol\u00edticas, Educa\u00e7\u00e3o e  Cultura para atuar em ambientes como o empresarial, cultural e educacional e \u00e9  aberto a profissionais que tenham forma\u00e7\u00e3o superior em qualquer campo do saber.  O ponto de aproxima\u00e7\u00e3o entre essas forma\u00e7\u00f5es m\u00faltiplas est\u00e1 em estudar a  comunica\u00e7\u00e3o em sua rela\u00e7\u00e3o com a cultura, com a educa\u00e7\u00e3o, com as novas  tecnologias e com \u00e1reas emergentes como o terceiro setor e a responsabilidade  social.<br \/>\nSegundo a profa. dra. Maria Cristina Castilho Costa, coordenadora do  curso, em uma \u00e9poca em que a comunica\u00e7\u00e3o envolve a sociedade de uma forma  diversificada e abrangente, \u00e9 de fundamental import\u00e2ncia compreender a profunda  diversidade te\u00f3rica e metodol\u00f3gica que faz da comunica\u00e7\u00e3o a mais importante  atividade de nosso tempo. &#8220;Nosso curso recebe profissionais de diversos  segmentos da sociedade, o que evidencia a crescente import\u00e2ncia que a sociedade  come\u00e7a a dar \u00e0s quest\u00f5es relativas \u00e0 comunica\u00e7\u00e3o&#8221;, assinala.<\/p>\n<p><strong>Comunica\u00e7\u00e3o integrada <\/strong><\/p>\n<p>O curso de especializa\u00e7\u00e3o em Gest\u00e3o da  Comunica\u00e7\u00e3o: Pol\u00edticas, Educa\u00e7\u00e3o e Cultura preocupa-se em estudar os diversos  processos da comunica\u00e7\u00e3o humana em organiza\u00e7\u00f5es da sociedade civil, sejam elas  empresas p\u00fablicas, privadas, pequenas e m\u00e9dias empresas, institui\u00e7\u00f5es e  organiza\u00e7\u00f5es do terceiro setor.<br \/>\nO profissional, trabalhando dentro de cada  uma dessas entidades, ser\u00e1 formado para atuar de forma integrada. Ou seja, de  forma plural e flex\u00edvel nas diversas \u00e1reas da comunica\u00e7\u00e3o: jornalismo,  propaganda, marketing e rela\u00e7\u00f5es p\u00fablicas. Dessa forma, n\u00e3o se dedica a estudar  estrat\u00e9gias voltadas para um setor espec\u00edfico.<br \/>\nO objetivo do curso \u00e9 dar  condi\u00e7\u00f5es para que o gestor de comunica\u00e7\u00e3o consiga articular as diversas m\u00eddias  e as diferentes linguagens da comunica\u00e7\u00e3o, da interpessoal \u00e0quela trazida pela  sofistica\u00e7\u00e3o da tecnologia, mobilizando-as em fun\u00e7\u00e3o dos objetivos de uma  empresa, de uma institui\u00e7\u00e3o, de uma escola ou, at\u00e9 mesmo, de um projeto pessoal  ou profissional de vida.<\/p>\n<p><strong>Estudar a comunica\u00e7\u00e3o \u00e9 pensar seus  processos na sociedade civil <\/strong><\/p>\n<p>A sociedade imp\u00f5e desafios ao comunicador  que v\u00e3o al\u00e9m das tarefas profissionais di\u00e1rias. Em dire\u00e7\u00e3o a um plano de  comunica\u00e7\u00e3o efetivo, elas envolvem pensar as rela\u00e7\u00f5es com setores emergentes na  \u00e1rea de educa\u00e7\u00e3o, inclus\u00e3o social e digital. Implica ainda repensar modelos  tradicionais de comunica\u00e7\u00e3o e de compreens\u00e3o da realidade social. A estrutura\u00e7\u00e3o  de um processo comunicacional deve ser vision\u00e1ria das rela\u00e7\u00f5es existentes na  sociedade civil e da realidade do pr\u00f3prio pa\u00eds. Com forte planejamento e base  te\u00f3rica, o curso de especializa\u00e7\u00e3o em Gest\u00e3o da Comunica\u00e7\u00e3o: Pol\u00edticas, Educa\u00e7\u00e3o  e Cultura est\u00e1 voltado para: empresas, escolas, ONGs, profissionais de  comunica\u00e7\u00e3o, professores e assistentes sociais.<\/p>\n<p><strong>Como se inscrever <\/strong><\/p>\n<p>Estar\u00e3o abertas no per\u00edodo 16  a 27 de fevereiro de 2009, das 14h \u00e0s 20h, no pr\u00e9dio central da Escola de  Comunica\u00e7\u00f5es e Artes da Universidade de S\u00e3o Paulo, na secretaria do Curso de  especializa\u00e7\u00e3o lato sensu\u00a0 Gest\u00e3o da Comunica\u00e7\u00e3o: Pol\u00edticas, Educa\u00e7\u00e3o e Cultura  , do Departamento de Comunica\u00e7\u00f5es e Artes, no 2\u00baandar, na sala 209, as  inscri\u00e7\u00f5es para candidatos a alunos regulares do Curso, com um total 60  (sessenta) vagas e m\u00ednimo de 5 (cinco) alunos.<\/p>\n<p><strong>Mais Informa\u00e7\u00f5es <\/strong><\/p>\n<p>Mais informa\u00e7\u00f5es sobre o curso podem ser obtidas pelo site www.eca.usp.br\/gestcom ou junto \u00e0  Secretaria do Curso de especializa\u00e7\u00e3o lato sensu\u00a0 Gest\u00e3o da Comunica\u00e7\u00e3o:  Pol\u00edticas, Educa\u00e7\u00e3o e Cultura , do Departamento de Comunica\u00e7\u00f5es e Artes da ECA,  atrav\u00e9s do fone: (011) 3091.4341, pelo fax: (011) 3091.4867 ou pelo e-mail: gestcom@edu.usp.br.<\/p>\n<p>Para  conte\u00fados extra sobre o curso de Gest\u00e3o da Comunica\u00e7\u00e3o: Pol\u00edticas, Educa\u00e7\u00e3o e  Cultura acesse: http:\/\/mentesemgestao.blogspot.com\/<\/p>\n<p><strong>Fonte: USP<\/strong><\/p>\n","protected":false},"excerpt":{"rendered":"<p>O curso de especializa\u00e7\u00e3o lato sensu Gest\u00e3o da Comunica\u00e7\u00e3o: Pol\u00edticas, Educa\u00e7\u00e3o e Cultura, da Escola de Comunica\u00e7\u00f5es e Artes da Universidade de S\u00e3o Paulo (ECA-USP), no Butant\u00e3, est\u00e1 com inscri\u00e7\u00f5es abertas para o primeiro semestre de 2009. Sua estrutura em m\u00f3dulos totaliza um ano e meio de atividades. As aulas ter\u00e3o in\u00edcio em mar\u00e7o e ser\u00e3o realizadas durante a semana \u00e0 noite (2\u00aas, 3\u00aas, e 4\u00aas feiras, al\u00e9m de uma 5\u00aa feira por m\u00eas). Entre 16 a 27 de fevereiro os interessados podem se inscrever atrav\u00e9s do site www.eca.usp.br\/gestcom. Criado h\u00e1 16 anos e ministrado por professores com larga experi\u00eancia <\/p>\n","protected":false},"author":1,"featured_media":0,"comment_status":"open","ping_status":"closed","sticky":false,"template":"","format":"standard","meta":{"footnotes":""},"categories":[4],"tags":[],"class_list":["post-372","post","type-post","status-publish","format-standard","hentry","category-cursos-no-butanta"],"aioseo_notices":[],"_links":{"self":[{"href":"http:\/\/www.guiabutanta.com\/sobre\/wp-json\/wp\/v2\/posts\/372","targetHints":{"allow":["GET"]}}],"collection":[{"href":"http:\/\/www.guiabutanta.com\/sobre\/wp-json\/wp\/v2\/posts"}],"about":[{"href":"http:\/\/www.guiabutanta.com\/sobre\/wp-json\/wp\/v2\/types\/post"}],"author":[{"embeddable":true,"href":"http:\/\/www.guiabutanta.com\/sobre\/wp-json\/wp\/v2\/users\/1"}],"replies":[{"embeddable":true,"href":"http:\/\/www.guiabutanta.com\/sobre\/wp-json\/wp\/v2\/comments?post=372"}],"version-history":[{"count":0,"href":"http:\/\/www.guiabutanta.com\/sobre\/wp-json\/wp\/v2\/posts\/372\/revisions"}],"wp:attachment":[{"href":"http:\/\/www.guiabutanta.com\/sobre\/wp-json\/wp\/v2\/media?parent=372"}],"wp:term":[{"taxonomy":"category","embeddable":true,"href":"http:\/\/www.guiabutanta.com\/sobre\/wp-json\/wp\/v2\/categories?post=372"},{"taxonomy":"post_tag","embeddable":true,"href":"http:\/\/www.guiabutanta.com\/sobre\/wp-json\/wp\/v2\/tags?post=372"}],"curies":[{"name":"wp","href":"https:\/\/api.w.org\/{rel}","templated":true}]}}