{"id":74,"date":"2008-04-03T09:19:13","date_gmt":"2008-04-03T12:19:13","guid":{"rendered":"http:\/\/www.guiabutanta.com\/butanta\/arte-moderna-e-critica-de-arte-em-sao-paulo-butanta\/"},"modified":"2019-04-12T15:55:13","modified_gmt":"2019-04-12T18:55:13","slug":"arte-moderna-e-critica-de-arte-em-sao-paulo-butanta","status":"publish","type":"post","link":"http:\/\/www.guiabutanta.com\/sobre\/arte-moderna-e-critica-de-arte-em-sao-paulo-butanta\/","title":{"rendered":"Arte Moderna e Cr\u00edtica de Arte em S\u00e3o Paulo &#8211; Butant\u00e3"},"content":{"rendered":"<p><strong><span style=\"font-size: 8pt; font-family: Verdana\"><font color=\"#000000\"><font size=\"2\">Naum Sim\u00e3o<o:p><\/o:p><\/font><\/font><\/span><\/strong><font><font color=\"#808080\" face=\"Franklin Gothic Medium\" size=\"2\"><font color=\"#808080\" face=\"Franklin Gothic Medium\" size=\"2\"><\/p>\n<p class=\"MsoNormal\" style=\"margin: 0cm 0cm 0pt\"><span style=\"font-size: 8pt; font-family: Verdana\"><font color=\"#000000\"><font size=\"2\">Cr\u00edtico de arte e Doutor <st1:personname w:st=\"on\" productid=\"EM HIST?RIA DA ARTE\">em hist\u00f3ria da Arte<\/st1:personname> (Escola de  Comunica\u00e7\u00f5es e Artes \/ ECA USP)<o:p><\/o:p><\/font><\/font><\/span><\/p>\n<p class=\"MsoNormal\" style=\"margin: 0cm 0cm 0pt\"><span style=\"font-size: 8pt; font-family: Verdana\"><o:p><font color=\"#000000\" size=\"2\">\u00a0<\/font><\/o:p><\/span><\/p>\n<p class=\"MsoNormal\" style=\"margin: 0cm 0cm 0pt\"><span style=\"font-size: 8pt; font-family: Verdana\"><font color=\"#000000\"><strong><font size=\"3\">9 de abril a 7 de maio, quartas e  sextas-feiras, das 14h30 \u00e0s 16h30<o:p><\/o:p><\/font><\/strong><\/font><\/span><\/p>\n<p class=\"MsoNormal\" style=\"margin: 0cm 0cm 0pt\"><span style=\"font-size: 8pt; font-family: Verdana\"><o:p><font color=\"#000000\" size=\"2\">\u00a0<\/font><\/o:p><\/span><\/p>\n<p class=\"MsoNormal\" style=\"margin: 0cm 0cm 0pt\"><span style=\"font-size: 8pt; font-family: Verdana\"><font color=\"#000000\"><font size=\"2\">O curso tra\u00e7a um paralelo entre o surgimento e  desenvolvimento da arte moderna paulista e os discursos<\/font><\/font><\/span><\/p>\n<p class=\"MsoNormal\" style=\"margin: 0cm 0cm 0pt\"><span style=\"font-size: 8pt; font-family: Verdana\"><font color=\"#000000\"><font size=\"2\">cr\u00edticos na primeira metade do s\u00e9culo XX, resultando  em um panorama da situa\u00e7\u00e3o cultural moderna a partir<\/font><\/font><\/span><\/p>\n<p class=\"MsoNormal\" style=\"margin: 0cm 0cm 0pt\"><span style=\"font-size: 8pt; font-family: Verdana\"><font color=\"#000000\"><font size=\"2\">da intera\u00e7\u00e3o entre as manifesta\u00e7\u00f5es pl\u00e1sticas e  te\u00f3ricas. <o:p><\/o:p><\/font><\/font><\/span><\/p>\n<p class=\"MsoNormal\" style=\"margin: 0cm 0cm 0pt\"><span style=\"font-size: 8pt; font-family: Verdana\"><o:p><font color=\"#000000\" size=\"2\">\u00a0<\/font><\/o:p><\/span><\/p>\n<p class=\"MsoNormal\" style=\"margin: 0cm 0cm 0pt\"><span style=\"font-size: 8pt; font-family: Verdana\"><font color=\"#000000\"><font size=\"2\">Programa<o:p><\/o:p><\/font><\/font><\/span><\/p>\n<p class=\"MsoNormal\" style=\"margin: 0cm 0cm 0pt\"><span style=\"font-size: 8pt; font-family: Verdana\"><o:p><font color=\"#000000\" size=\"2\">\u00a0<\/font><\/o:p><\/span><\/p>\n<p class=\"MsoNormal\" style=\"margin: 0cm 0cm 0pt\"><span style=\"font-size: 8pt; font-family: Verdana\"><font color=\"#000000\"><font size=\"2\">M\u00f3dulo I <o:p><\/o:p><\/font><\/font><\/span><\/p>\n<p class=\"MsoNormal\" style=\"margin: 0cm 0cm 0pt\"><span style=\"font-size: 8pt; font-family: Verdana\"><font color=\"#000000\"><font size=\"2\">Os anos 10 e 20: de Anita a Semana de Arte  Moderna<o:p><\/o:p><\/font><\/font><\/span><\/p>\n<p class=\"MsoNormal\" style=\"margin: 0cm 0cm 0pt\"><span style=\"font-size: 8pt; font-family: Verdana\"><font color=\"#000000\"><font size=\"2\">&#8211; Situa\u00e7\u00e3o internacional da cr\u00edtica de arte nos anos  10 <o:p><\/o:p><\/font><\/font><\/span><\/p>\n<p class=\"MsoNormal\" style=\"margin: 0cm 0cm 0pt\"><span style=\"font-size: 8pt; font-family: Verdana\"><font color=\"#000000\"><font size=\"2\">&#8211; 1917: a exposi\u00e7\u00e3o de Anita Malfatti e as rea\u00e7\u00f5es  cr\u00edticas<o:p><\/o:p><\/font><\/font><\/span><\/p>\n<p class=\"MsoNormal\" style=\"margin: 0cm 0cm 0pt\"><span style=\"font-size: 8pt; font-family: Verdana\"><font color=\"#000000\"><font size=\"2\">&#8211; O idealismo da Semana: uma compara\u00e7\u00e3o entre imagem  e texto<o:p><\/o:p><\/font><\/font><\/span><\/p>\n<p class=\"MsoNormal\" style=\"margin: 0cm 0cm 0pt\"><span style=\"font-size: 8pt; font-family: Verdana\"><font color=\"#000000\"><font size=\"2\"><span>\u00a0\u00a0\u00a0\u00a0  <\/span><o:p><\/o:p><\/font><\/font><\/span><\/p>\n<p class=\"MsoNormal\" style=\"margin: 0cm 0cm 0pt\"><span style=\"font-size: 8pt; font-family: Verdana\"><font color=\"#000000\"><font size=\"2\">M\u00f3dulo II<o:p><\/o:p><\/font><\/font><\/span><\/p>\n<p class=\"MsoNormal\" style=\"margin: 0cm 0cm 0pt\"><span style=\"font-size: 8pt; font-family: Verdana\"><font color=\"#000000\"><font size=\"2\">Os anos 30 e 40: as organiza\u00e7\u00f5es coletivas da arte  moderna paulista e as transforma\u00e7\u00f5es na  cr\u00edtica<o:p><\/o:p><\/font><\/font><\/span><\/p>\n<p class=\"MsoNormal\" style=\"margin: 0cm 0cm 0pt\"><span style=\"font-size: 8pt; font-family: Verdana\"><font color=\"#000000\"><font size=\"2\">&#8211; Entre bailes e exposi\u00e7\u00f5es: SPAM, CAM, entre  outros<o:p><\/o:p><\/font><\/font><\/span><\/p>\n<p class=\"MsoNormal\" style=\"margin: 0cm 0cm 0pt\"><span style=\"font-size: 8pt; font-family: Verdana\"><font color=\"#000000\"><font size=\"2\">&#8211; <st1:personname w:st=\"on\" productid=\"Fl?vio de Carvalho\">Fl\u00e1vio de Carvalho<\/st1:personname>,  <st1:personname w:st=\"on\" productid=\"Mario Pedrosa\">Mario  Pedrosa<\/st1:personname> e K<span class=\"375310021-02042008\">\u00e4<\/span>the Kollwitz:  o CAM<o:p><\/o:p><\/font><\/font><\/span><\/p>\n<p class=\"MsoNormal\" style=\"margin: 0cm 0cm 0pt\"><span style=\"font-size: 8pt; font-family: Verdana\"><font color=\"#000000\"><font size=\"2\">&#8211; S\u00e9rgio Milliet e os pintores da Fam\u00edlia Art\u00edstica  Paulista <o:p><\/o:p><\/font><\/font><\/span><\/p>\n<p class=\"MsoNormal\" style=\"margin: 0cm 0cm 0pt\"><span style=\"font-size: 8pt; font-family: Verdana\"><o:p><font color=\"#000000\" size=\"2\">\u00a0<\/font><\/o:p><\/span><\/p>\n<p class=\"MsoNormal\" style=\"margin: 0cm 0cm 0pt\"><strong><span style=\"font-size: 8pt; font-family: Verdana\"><font color=\"#000000\"><font size=\"2\">Coordena\u00e7\u00e3o<o:p><\/o:p><\/font><\/font><\/span><\/strong><\/p>\n<p class=\"MsoNormal\" style=\"margin: 0cm 0cm 0pt\"><span style=\"font-size: 8pt; font-family: Verdana\"><font color=\"#000000\"><font size=\"2\">Profa. Dra. <st1:personname w:st=\"on\" productid=\"Lisbeth Rebollo Gon?alves\">Lisbeth Rebollo  Gon\u00e7alves<\/st1:personname><o:p><\/o:p><\/font><\/font><\/span><\/p>\n<p class=\"MsoNormal\" style=\"margin: 0cm 0cm 0pt\"><span style=\"font-size: 8pt; font-family: Verdana\"><o:p><font color=\"#000000\" size=\"2\">\u00a0<\/font><\/o:p><\/span><\/p>\n<p class=\"MsoNormal\" style=\"margin: 0cm 0cm 0pt\"><strong><span style=\"font-size: 8pt; font-family: Verdana\"><font color=\"#000000\"><font size=\"2\">Local<o:p><\/o:p><\/font><\/font><\/span><\/strong><\/p>\n<p class=\"MsoNormal\" style=\"margin: 0cm 0cm 0pt\"><span style=\"font-size: 8pt; font-family: Verdana\"><font color=\"#000000\"><font size=\"2\">MAC USP  Ibirapuera<o:p><\/o:p><\/font><\/font><\/span><\/p>\n<p class=\"MsoNormal\" style=\"margin: 0cm 0cm 0pt\"><span style=\"font-size: 8pt; font-family: Verdana\"><font color=\"#000000\"><font size=\"2\">Pavilh\u00e3o Ciccillo Matarazzo, 3\u00ba  piso<o:p><\/o:p><\/font><\/font><\/span><\/p>\n<p class=\"MsoNormal\" style=\"margin: 0cm 0cm 0pt\"><span style=\"font-size: 8pt; font-family: Verdana\"><o:p><font color=\"#000000\" size=\"2\">\u00a0<\/font><\/o:p><\/span><\/p>\n<p class=\"MsoNormal\" style=\"margin: 0cm 0cm 0pt\"><strong><span style=\"font-size: 8pt; font-family: Verdana\"><font color=\"#000000\"><font size=\"2\">Taxa de  Inscri\u00e7\u00e3o<o:p><\/o:p><\/font><\/font><\/span><\/strong><\/p>\n<p class=\"MsoNormal\" style=\"margin: 0cm 0cm 0pt\"><span style=\"font-size: 8pt; font-family: Verdana\"><font color=\"#000000\"><font size=\"2\">R$ 50,00 (isen\u00e7\u00e3o para professores da rede  p\u00fablica)<o:p><\/o:p><\/font><\/font><\/span><\/p>\n<p class=\"MsoNormal\" style=\"margin: 0cm 0cm 0pt\"><span style=\"font-size: 8pt; font-family: Verdana\"><o:p><font color=\"#000000\" size=\"2\">\u00a0<\/font><\/o:p><\/span><\/p>\n<p class=\"MsoNormal\" style=\"margin: 0cm 0cm 0pt\"><strong><span style=\"font-size: 8pt; font-family: Verdana\"><font color=\"#000000\"><font size=\"2\">\u00c9 necess\u00e1ria inscri\u00e7\u00e3o  pr\u00e9via<o:p><\/o:p><\/font><\/font><\/span><\/strong><\/p>\n<p class=\"MsoNormal\" style=\"margin: 0cm 0cm 0pt\"><span style=\"font-size: 8pt; font-family: Verdana\"><o:p><font color=\"#000000\" size=\"2\">\u00a0<\/font><\/o:p><\/span><\/p>\n<p class=\"MsoNormal\" style=\"margin: 0cm 0cm 0pt\"><strong><span style=\"font-size: 8pt; font-family: Verdana\"><font color=\"#000000\"><font size=\"2\">Informa\u00e7\u00f5es e  inscri\u00e7\u00f5es<o:p><\/o:p><\/font><\/font><\/span><\/strong><\/p>\n<p class=\"MsoNormal\" style=\"margin: 0cm 0cm 0pt\"><span style=\"font-size: 8pt; font-family: Verdana\"><font size=\"2\"><font color=\"#000000\">(11) 3091.3033 &#8211; 3091.3559 &#8211; <\/font><u><a href=\"http:\/\/www.guiabutanta.com\/butanta\/wp-admin\/blocked::mailto:infomac@usp.br\">infomac@usp.br<\/a><\/u><o:p><\/o:p><\/font><\/span><\/p>\n<p class=\"MsoNormal\" style=\"margin: 0cm 0cm 0pt\"><span style=\"font-size: 8pt; font-family: Verdana\"><font color=\"#000000\"><font size=\"2\">MAC USP Cidade Universit\u00e1ria \u2013 Rua da Reitoria,  160<o:p><\/o:p><\/font><\/font><\/span><\/p>\n<p class=\"MsoNormal\" style=\"margin: 0cm 0cm 0pt\"><span style=\"font-size: 8pt; font-family: Verdana\"><o:p><font color=\"#000000\" size=\"2\">\u00a0<\/font><\/o:p><\/span><\/p>\n<p class=\"MsoNormal\" style=\"margin: 0cm 0cm 0pt\"><strong><span style=\"font-size: 8pt; font-family: Verdana\"><font color=\"#000000\"><font size=\"2\">Importante<o:p><\/o:p><\/font><\/font><\/span><\/strong><\/p>\n<p class=\"MsoNormal\" style=\"margin: 0cm 0cm 0pt\"><span style=\"font-size: 8pt; font-family: Verdana\"><font color=\"#000000\" size=\"2\">Note que o local de inscri\u00e7\u00e3o \u00e9 diferente do local onde  acontece o curso<\/font><\/span><\/p>\n<p class=\"MsoNormal\" style=\"margin: 0cm 0cm 0pt\"><span style=\"font-size: 8pt; font-family: Verdana\"><\/span><\/p>\n<p><\/font><\/p>\n<p><\/font><font color=\"#808080\" face=\"Franklin Gothic Medium\" size=\"2\"><font color=\"#808080\" face=\"Franklin Gothic Medium\" size=\"2\"><font color=\"#545454\" size=\"2\"><\/p>\n<p class=\"MsoNormal\" style=\"margin: 0cm 0cm 0pt; text-align: justify\"><span style=\"font-family: Arial\" lang=\"PT\"><o:p><\/o:p><\/span><\/p>\n<p><span style=\"font-family: Arial\" lang=\"PT\"><a href=\"blocked::blocked::http:\/\/www.mac.usp.br\/\"><font color=\"#800080\">www.mac.usp.br<\/font><\/a><font color=\"#000000\"> <\/font><\/span><\/font><\/font><\/font><\/font><\/p>\n","protected":false},"excerpt":{"rendered":"<p>Naum Sim\u00e3o Cr\u00edtico de arte e Doutor em hist\u00f3ria da Arte (Escola de Comunica\u00e7\u00f5es e Artes \/ ECA USP) \u00a0 9 de abril a 7 de maio, quartas e sextas-feiras, das 14h30 \u00e0s 16h30 \u00a0 O curso tra\u00e7a um paralelo entre o surgimento e desenvolvimento da arte moderna paulista e os discursos cr\u00edticos na primeira metade do s\u00e9culo XX, resultando em um panorama da situa\u00e7\u00e3o cultural moderna a partir da intera\u00e7\u00e3o entre as manifesta\u00e7\u00f5es pl\u00e1sticas e te\u00f3ricas. \u00a0 Programa \u00a0 M\u00f3dulo I Os anos 10 e 20: de Anita a Semana de Arte Moderna &#8211; Situa\u00e7\u00e3o internacional da cr\u00edtica de <\/p>\n","protected":false},"author":1,"featured_media":0,"comment_status":"open","ping_status":"closed","sticky":false,"template":"","format":"standard","meta":{"footnotes":""},"categories":[4],"tags":[],"class_list":["post-74","post","type-post","status-publish","format-standard","hentry","category-cursos-no-butanta"],"aioseo_notices":[],"_links":{"self":[{"href":"http:\/\/www.guiabutanta.com\/sobre\/wp-json\/wp\/v2\/posts\/74","targetHints":{"allow":["GET"]}}],"collection":[{"href":"http:\/\/www.guiabutanta.com\/sobre\/wp-json\/wp\/v2\/posts"}],"about":[{"href":"http:\/\/www.guiabutanta.com\/sobre\/wp-json\/wp\/v2\/types\/post"}],"author":[{"embeddable":true,"href":"http:\/\/www.guiabutanta.com\/sobre\/wp-json\/wp\/v2\/users\/1"}],"replies":[{"embeddable":true,"href":"http:\/\/www.guiabutanta.com\/sobre\/wp-json\/wp\/v2\/comments?post=74"}],"version-history":[{"count":0,"href":"http:\/\/www.guiabutanta.com\/sobre\/wp-json\/wp\/v2\/posts\/74\/revisions"}],"wp:attachment":[{"href":"http:\/\/www.guiabutanta.com\/sobre\/wp-json\/wp\/v2\/media?parent=74"}],"wp:term":[{"taxonomy":"category","embeddable":true,"href":"http:\/\/www.guiabutanta.com\/sobre\/wp-json\/wp\/v2\/categories?post=74"},{"taxonomy":"post_tag","embeddable":true,"href":"http:\/\/www.guiabutanta.com\/sobre\/wp-json\/wp\/v2\/tags?post=74"}],"curies":[{"name":"wp","href":"https:\/\/api.w.org\/{rel}","templated":true}]}}