{"id":1482,"date":"2010-12-01T17:10:09","date_gmt":"2010-12-01T20:10:09","guid":{"rendered":"http:\/\/www.guiabutanta.com\/butanta\/?p=1482"},"modified":"2019-04-12T15:53:58","modified_gmt":"2019-04-12T18:53:58","slug":"apresentacoes-de-corais-no-shopping-butanta-comecam-na-quarta-feira","status":"publish","type":"post","link":"https:\/\/www.guiabutanta.com\/sobre\/apresentacoes-de-corais-no-shopping-butanta-comecam-na-quarta-feira\/","title":{"rendered":"Apresenta\u00e7\u00f5es de corais no Shopping Butant\u00e3 come\u00e7am na quarta-feira"},"content":{"rendered":"<p>O <a href=\"http:\/\/www.guiabutanta.com\/obutanta\/shopping-butanta.htm\" target=\"_blank\">Shopping Butant\u00e3<\/a> preparou mais uma programa\u00e7\u00e3o especial para comemorar a  chegada do Natal. Do dia 1\u00ba a 22 de dezembro, 12 corais se apresentar\u00e3o, dando  um toque especial ao final deste ano.<\/p>\n<p>O repert\u00f3rio dos corais ser\u00e1 bastante variado, incluindo can\u00e7\u00f5es que  transmitem paz, harmonia, alegria, amor, solidariedade e confraterniza\u00e7\u00e3o.<\/p>\n<p>O coral infantil do Col\u00e9gio Guilherme Dumont Villares ser\u00e1 o primeiro se  apresentar, j\u00e1 nesta quarta-feira (1), \u00e0s 18h.<\/p>\n<p>Entre os outros 11 participantes desta programa\u00e7\u00e3o, estar\u00e3o os corais: do  Col\u00e9gio Sun Port (bil\u00edng\u00fce), da Igreja Presbiteriana Betel, da Igreja Evang\u00e9lica  Batista em Ferreira, e Cantores da Paz e do Bem.<\/p>\n<p>O Coral do Col\u00e9gio Sun Port existe h\u00e1 mais de 10 anos e \u00e9 composto por 90  crian\u00e7as, de 3 a 13 anos, que encantam com suas belas vozes ao interpretar  can\u00e7\u00f5es natalinas como: \u201cJingle Bells\u201d, \u201cHappy Christmas\u201d e \u201cWe Wish you a Merry  Christmas\u201d.<\/p>\n<p>O Coral da Igreja Presbiteriana Betel \u00e9 composto por 31 integrantes e h\u00e1 mais  de 30 anos vem se apresentando em igrejas, hospitais, entre outros locais  p\u00fablicos. Para o Shopping Butant\u00e3 trar\u00e1 a Cantata \u201cExperi\u00eancia com Deus\u201d,  narrando hist\u00f3rias importantes como as de Abra\u00e3o, No\u00e9 e Maria.<\/p>\n<p>O Coral da Igreja Evang\u00e9lica Batista em Ferreira, fundado em 1954, \u00e9 composto  por 60 membros entre homens, mulheres e crian\u00e7as. Neste Natal, o destaque fica  para as can\u00e7\u00f5es \u201cVem celebrar Cristo\u201d, \u201cAclame ao Senhor\u201d, \u201cJornada da Alegria\u201d,  entre outras.<\/p>\n<p>O Coral Cantores da Paz e do Bem, formado por 25 crian\u00e7as e adolescentes do  Col\u00e9gio Franciscano Jo\u00e3o XXIII, trar\u00e1 ao Shopping m\u00fasicas tradicionais de Natal,  m\u00fasicas populares brasileiras e do canto folcl\u00f3rico popular, entre elas \u201cBoas  Festas\u201d, \u201cNoite Santa\u201d, \u2018A Padroeira\u201d, e \u201cAnuncia\u00e7\u00e3o\u201d.<\/p>\n<p>Confira a programa\u00e7\u00e3o completa:<\/p>\n<table border=\"1\" width=\"404\" align=\"center\">\n<tbody>\n<tr>\n<td width=\"49\" valign=\"top\"><strong><em>Data<\/em><\/strong><\/td>\n<td width=\"86\" valign=\"top\"><strong><em>Hor\u00e1rio<\/em><\/strong><\/td>\n<td width=\"247\" valign=\"top\"><strong><em>Nome do Coral<\/em><\/strong><\/td>\n<\/tr>\n<tr>\n<td valign=\"top\">1\u00ba\/12<\/td>\n<td valign=\"top\">18h00<\/td>\n<td valign=\"top\">Coral Col\u00e9gio Guilherme Dumont Villares (Infantil)<\/td>\n<\/tr>\n<tr>\n<td valign=\"top\">2\/12<\/td>\n<td valign=\"top\">18h00<\/td>\n<td valign=\"top\">Coral Gentil Afonso Dur\u00e3es<\/td>\n<\/tr>\n<tr>\n<td valign=\"top\">3\/12<\/td>\n<td valign=\"top\">18h00<\/td>\n<td valign=\"top\">Coral Reluz do Col\u00e9gio Tereza Gilda Moura<\/td>\n<\/tr>\n<tr>\n<td valign=\"top\">6\/12<\/td>\n<td valign=\"top\">18h00<\/td>\n<td valign=\"top\">Coral Estrela Guia (Infantil) e Coral Centro Social Bom  Jesus<\/td>\n<\/tr>\n<tr>\n<td valign=\"top\">7\/12<\/td>\n<td valign=\"top\">18h00<\/td>\n<td valign=\"top\">Coral Col\u00e9gio Porto Uni\u00e3o<\/td>\n<\/tr>\n<tr>\n<td valign=\"top\">9\/12<\/td>\n<td valign=\"top\">18h00<\/td>\n<td valign=\"top\">Coral Sun Port Bil\u00edng\u00fce \u2013 Unidade Vila S\u00f4nia (Infantil)<\/td>\n<\/tr>\n<tr>\n<td valign=\"top\">10\/12<\/td>\n<td valign=\"top\">18h00<\/td>\n<td valign=\"top\">Coral Cantores da Paz e do Bem do Col\u00e9gio Franciscano Jo\u00e3o XXIII  (Infantil)<\/td>\n<\/tr>\n<tr>\n<td valign=\"top\">14\/12<\/td>\n<td valign=\"top\">19h30<\/td>\n<td valign=\"top\">Coral Betel da Igreja Presbiteriana<\/td>\n<\/tr>\n<tr>\n<td valign=\"top\">15\/12<\/td>\n<td valign=\"top\">18h00<\/td>\n<td valign=\"top\">Coral do Instituto Estefanini<\/td>\n<\/tr>\n<tr>\n<td valign=\"top\">16\/12<\/td>\n<td valign=\"top\">18h00<\/td>\n<td valign=\"top\">Coral do Col\u00e9gio Lebiste<\/td>\n<\/tr>\n<tr>\n<td valign=\"top\">17\/12<\/td>\n<td valign=\"top\">18h00<\/td>\n<td valign=\"top\">Coral Sun Port Biling\u00fce \u2013 Unidade Ferreira (Infantil)<\/td>\n<\/tr>\n<tr>\n<td valign=\"top\">22\/12<\/td>\n<td valign=\"top\">20h00<\/td>\n<td valign=\"top\">Coral Igreja Evang\u00e9lica Batista em  Ferreira<\/td>\n<\/tr>\n<\/tbody>\n<\/table>\n<p><strong>Servi\u00e7o<\/strong><br \/>\nShopping Butant\u00e3<br \/>\nAvenida Prof. Francisco Morato,  2718<br \/>\nFone: 3723 -3900\u00a0shoppingbutanta.com.br<\/p>\n","protected":false},"excerpt":{"rendered":"<p>O Shopping Butant\u00e3 preparou mais uma programa\u00e7\u00e3o especial para comemorar a chegada do Natal. Do dia 1\u00ba a 22 de dezembro, 12 corais se apresentar\u00e3o, dando um toque especial ao final deste ano. O repert\u00f3rio dos corais ser\u00e1 bastante variado, incluindo can\u00e7\u00f5es que transmitem paz, harmonia, alegria, amor, solidariedade e confraterniza\u00e7\u00e3o. O coral infantil do Col\u00e9gio Guilherme Dumont Villares ser\u00e1 o primeiro se apresentar, j\u00e1 nesta quarta-feira (1), \u00e0s 18h. Entre os outros 11 participantes desta programa\u00e7\u00e3o, estar\u00e3o os corais: do Col\u00e9gio Sun Port (bil\u00edng\u00fce), da Igreja Presbiteriana Betel, da Igreja Evang\u00e9lica Batista em Ferreira, e Cantores da Paz e <\/p>\n","protected":false},"author":1,"featured_media":0,"comment_status":"open","ping_status":"closed","sticky":false,"template":"","format":"standard","meta":{"footnotes":""},"categories":[8],"tags":[10],"class_list":["post-1482","post","type-post","status-publish","format-standard","hentry","category-noticias-no-butanta","tag-butanta"],"aioseo_notices":[],"_links":{"self":[{"href":"https:\/\/www.guiabutanta.com\/sobre\/wp-json\/wp\/v2\/posts\/1482","targetHints":{"allow":["GET"]}}],"collection":[{"href":"https:\/\/www.guiabutanta.com\/sobre\/wp-json\/wp\/v2\/posts"}],"about":[{"href":"https:\/\/www.guiabutanta.com\/sobre\/wp-json\/wp\/v2\/types\/post"}],"author":[{"embeddable":true,"href":"https:\/\/www.guiabutanta.com\/sobre\/wp-json\/wp\/v2\/users\/1"}],"replies":[{"embeddable":true,"href":"https:\/\/www.guiabutanta.com\/sobre\/wp-json\/wp\/v2\/comments?post=1482"}],"version-history":[{"count":0,"href":"https:\/\/www.guiabutanta.com\/sobre\/wp-json\/wp\/v2\/posts\/1482\/revisions"}],"wp:attachment":[{"href":"https:\/\/www.guiabutanta.com\/sobre\/wp-json\/wp\/v2\/media?parent=1482"}],"wp:term":[{"taxonomy":"category","embeddable":true,"href":"https:\/\/www.guiabutanta.com\/sobre\/wp-json\/wp\/v2\/categories?post=1482"},{"taxonomy":"post_tag","embeddable":true,"href":"https:\/\/www.guiabutanta.com\/sobre\/wp-json\/wp\/v2\/tags?post=1482"}],"curies":[{"name":"wp","href":"https:\/\/api.w.org\/{rel}","templated":true}]}}