{"id":22644,"date":"2013-02-08T10:17:29","date_gmt":"2013-02-08T13:17:29","guid":{"rendered":"http:\/\/www.guiabutanta.com\/butanta\/?p=22644"},"modified":"2019-04-12T15:50:02","modified_gmt":"2019-04-12T18:50:02","slug":"butanta-tem-manifestacao-por-ciclovia-na-eliseu-de-almeida","status":"publish","type":"post","link":"https:\/\/www.guiabutanta.com\/sobre\/butanta-tem-manifestacao-por-ciclovia-na-eliseu-de-almeida\/","title":{"rendered":"Butant\u00e3 tem manifesta\u00e7\u00e3o por ciclovia na Eliseu de Almeida"},"content":{"rendered":"<p>Mais uma manifesta\u00e7\u00e3o que pede a  transforma\u00e7\u00e3o do canteiro central da avenida Eliseu de Almeida, na zona sul de SP,\u00a0em uma ciclovia que dar\u00e1 acesso a diversos bairros e far\u00e1 a liga\u00e7\u00e3o da capital com a cidade de Tabo\u00e3o da Serra. O encontro est\u00e1 marcado para o dia 23 de fevereiro, \u00e0s\u00a011h, atr\u00e1s do <a href=\"http:\/\/www.guiabutanta.com\/obutanta\/shopping-butanta.htm\" target=\"_blank\">Shopping Butant\u00e3<\/a>.<\/p>\n<p>O Ato reivindica a constru\u00e7\u00e3o da  ciclovia que tinha como previs\u00e3o de t\u00e9rmino em 2010, e mesmo com a aprova\u00e7\u00e3o do  projeto e com a reforma da via em 2011, at\u00e9 o momento nada foi feito. A avenida Eliseu de Almeida \u00e9 um dos pontos com fluxo mais intenso de ve\u00edculos em S\u00e3o  Paulo, e por dia trafegam mais de 1180 ciclistas pelo local.<\/p>\n<p>A organiza\u00e7\u00e3o pede a todos que  puderem ir de bicicleta, levar cartazes, stencil, tintas para pintar uma  ciclo-faixa simb\u00f3lica ou apoiar de qualquer forma nessa luta que \u00e9 um direito do  cidad\u00e3o.<\/p>\n<p>Segue  o link do evento no bairro Butant\u00e3 no Facebook: www.facebook.com\/events\/521541427876196<\/p>\n","protected":false},"excerpt":{"rendered":"<p>Mais uma manifesta\u00e7\u00e3o que pede a transforma\u00e7\u00e3o do canteiro central da avenida Eliseu de Almeida, na zona sul de SP,\u00a0em uma ciclovia que dar\u00e1 acesso a diversos bairros e far\u00e1 a liga\u00e7\u00e3o da capital com a cidade de Tabo\u00e3o da Serra. O encontro est\u00e1 marcado para o dia 23 de fevereiro, \u00e0s\u00a011h, atr\u00e1s do Shopping Butant\u00e3. O Ato reivindica a constru\u00e7\u00e3o da ciclovia que tinha como previs\u00e3o de t\u00e9rmino em 2010, e mesmo com a aprova\u00e7\u00e3o do projeto e com a reforma da via em 2011, at\u00e9 o momento nada foi feito. A avenida Eliseu de Almeida \u00e9 um dos <\/p>\n","protected":false},"author":1,"featured_media":0,"comment_status":"open","ping_status":"closed","sticky":false,"template":"","format":"standard","meta":{"footnotes":""},"categories":[8],"tags":[10],"class_list":["post-22644","post","type-post","status-publish","format-standard","hentry","category-noticias-no-butanta","tag-butanta"],"aioseo_notices":[],"_links":{"self":[{"href":"https:\/\/www.guiabutanta.com\/sobre\/wp-json\/wp\/v2\/posts\/22644","targetHints":{"allow":["GET"]}}],"collection":[{"href":"https:\/\/www.guiabutanta.com\/sobre\/wp-json\/wp\/v2\/posts"}],"about":[{"href":"https:\/\/www.guiabutanta.com\/sobre\/wp-json\/wp\/v2\/types\/post"}],"author":[{"embeddable":true,"href":"https:\/\/www.guiabutanta.com\/sobre\/wp-json\/wp\/v2\/users\/1"}],"replies":[{"embeddable":true,"href":"https:\/\/www.guiabutanta.com\/sobre\/wp-json\/wp\/v2\/comments?post=22644"}],"version-history":[{"count":0,"href":"https:\/\/www.guiabutanta.com\/sobre\/wp-json\/wp\/v2\/posts\/22644\/revisions"}],"wp:attachment":[{"href":"https:\/\/www.guiabutanta.com\/sobre\/wp-json\/wp\/v2\/media?parent=22644"}],"wp:term":[{"taxonomy":"category","embeddable":true,"href":"https:\/\/www.guiabutanta.com\/sobre\/wp-json\/wp\/v2\/categories?post=22644"},{"taxonomy":"post_tag","embeddable":true,"href":"https:\/\/www.guiabutanta.com\/sobre\/wp-json\/wp\/v2\/tags?post=22644"}],"curies":[{"name":"wp","href":"https:\/\/api.w.org\/{rel}","templated":true}]}}