{"id":22946,"date":"2013-09-09T08:43:37","date_gmt":"2013-09-09T11:43:37","guid":{"rendered":"http:\/\/www.guiabutanta.com\/butanta\/?p=22946"},"modified":"2019-04-12T15:49:29","modified_gmt":"2019-04-12T18:49:29","slug":"grande-desejo-do-butanta-ciclovia-da-av-eliseu-de-almeida-comeca-a-se-tornar-realidade","status":"publish","type":"post","link":"https:\/\/www.guiabutanta.com\/sobre\/grande-desejo-do-butanta-ciclovia-da-av-eliseu-de-almeida-comeca-a-se-tornar-realidade\/","title":{"rendered":"Grande desejo do Butant\u00e3, ciclovia da Av Eliseu de Almeida come\u00e7a a se tornar realidade"},"content":{"rendered":"<p>Uma das maiores aspira\u00e7\u00f5es da popula\u00e7\u00e3o do Butant\u00e3, a ciclovia da av.  Eliseu de Almeida, deu na noite desta quinta-feira, 5 de setembro, um  grande passo para se tornar realidade. O projeto executivo da obra est\u00e1  pronto e foi apresentado pelo subprefeito do Butant\u00e3 na Frente  Parlamentar em Defesa da Mobilidade Humanana na C\u00e2mara Municipal de S\u00e3o  Paulo. Al\u00e9m de vereadores, diversos cicloativistas e moradores da regi\u00e3o  acompanharam a apresenta\u00e7\u00e3o.<\/p>\n<p>T\u00e3o importante quanto o projeto executivo \u00e9 a libera\u00e7\u00e3o dos recursos para o trabalho. E outra boa not\u00edcia foi dada pelo subprefeito do Butant\u00e3. \u201cAlgumas emendas parlamentares est\u00e3o sendo liberadas e temos como dar in\u00edcio \u00e0s obras at\u00e9 o fim de setembro\u201d, comemorou. \u201cTemos tamb\u00e9m outros pontos a resolver, como os novos sem\u00e1foros, responsabilidade da CET, mas isso j\u00e1 est\u00e1 bem encaminhado\u201d, completou.<\/p>\n<p>A Ciclovia da Eliseu de Almeida est\u00e1 or\u00e7ada em cerca de R$ 3 milh\u00f5es. As emendas parlamentares somam R$ 1.350.000, valor suficiente para dar in\u00edcio aos trabalhos. \u201cMas estamos fazendo estudos para novos tipos de pavimentos que podem baixar o pre\u00e7o inicialmente previsto em mais de 30%\u201d, garantiu o subprefeito do Butant\u00e3.<\/p>\n<p>O projeto executivo apresentado na C\u00e2mara Municipal detalha todos os pontos da ciclovia e \u00e9 fundamental para o or\u00e7amento e execu\u00e7\u00e3o da obra. A ciclovia da Eliseu de Almeida vai ligar a divisa de S\u00e3o Paulo com Tabo\u00e3o da Serra at\u00e9 a esta\u00e7\u00e3o Butant\u00e3 do metr\u00f4 e uma extens\u00e3o ligando a ciclovia at\u00e9 a futura esta\u00e7\u00e3o S\u00e3o Paulo\/Morumbi tamb\u00e9m ser\u00e1 constru\u00edda.<\/p>\n<p>\u201cNo total a ciclovia ter\u00e1 4 mil metros e o prazo de constru\u00e7\u00e3o \u00e9 de at\u00e9 120 dias a partir do in\u00edcio dos trabalhos. N\u00e3o \u00e9 uma obra complexa, pois n\u00e3o precisa de grandes interven\u00e7\u00f5es, \u00e9 basicamente pavimenta\u00e7\u00e3o e sinaliza\u00e7\u00e3o\u201d, disse o subprefeito da regi\u00e3o. \u201cEsta ciclovia ser\u00e1 um marco importante para a cidade e fundamental para o Butant\u00e3\u201d, concluiu o subprefeito.<\/p>\n<p>Na audi\u00eancia p\u00fablica para a elabora\u00e7\u00e3o do Plano de Metas da Prefeitura de S\u00e3o Paulo, realizada em abril para colher as sugest\u00f5es dos moradores do Butant\u00e3, a mobilidade urbana foi apontada como o principal problema a ser resolvido no bairro e, dentro desse item, a Ciclovia da Eliseu de Almeida foi o ponto mais citado pelos moradores.<\/p>\n<p>De acordo com um dossi\u00ea elaborado pela organiza\u00e7\u00e3o Ciclocidade, as tentativas de implanta\u00e7\u00e3o de uma ciclovia na avenida Eliseu de Almeida v\u00eam desde 2004, quando foi elaborado o Plano Regional Estrat\u00e9gico do Butant\u00e3. Este estabeleceu como meta o ano de 2006 para a conclus\u00e3o da obra, por\u00e9m no ano seguinte o prazo foi estendido para 2010.<\/p>\n<p>\u201cO Butant\u00e3, por sua topografia plana, \u00e9 o lugar ideal para a bicicleta, n\u00e3o apenas para o lazer, mas como alternativa de transporte. Mesmo sem a ciclovia \u00e9 muito grande o n\u00famero de pessoas do bairro que vai e volta ao trabalho usando a bicicleta\u201d, disse Gabriel Di Pierro, ativista do Ciclocidade.<\/p>\n","protected":false},"excerpt":{"rendered":"<p>Uma das maiores aspira\u00e7\u00f5es da popula\u00e7\u00e3o do Butant\u00e3, a ciclovia da av. Eliseu de Almeida, deu na noite desta quinta-feira, 5 de setembro, um grande passo para se tornar realidade. O projeto executivo da obra est\u00e1 pronto e foi apresentado pelo subprefeito do Butant\u00e3 na Frente Parlamentar em Defesa da Mobilidade Humanana na C\u00e2mara Municipal de S\u00e3o Paulo. Al\u00e9m de vereadores, diversos cicloativistas e moradores da regi\u00e3o acompanharam a apresenta\u00e7\u00e3o. T\u00e3o importante quanto o projeto executivo \u00e9 a libera\u00e7\u00e3o dos recursos para o trabalho. E outra boa not\u00edcia foi dada pelo subprefeito do Butant\u00e3. \u201cAlgumas emendas parlamentares est\u00e3o sendo liberadas <\/p>\n","protected":false},"author":1,"featured_media":0,"comment_status":"open","ping_status":"closed","sticky":false,"template":"","format":"standard","meta":{"footnotes":""},"categories":[8],"tags":[],"class_list":["post-22946","post","type-post","status-publish","format-standard","hentry","category-noticias-no-butanta"],"aioseo_notices":[],"_links":{"self":[{"href":"https:\/\/www.guiabutanta.com\/sobre\/wp-json\/wp\/v2\/posts\/22946","targetHints":{"allow":["GET"]}}],"collection":[{"href":"https:\/\/www.guiabutanta.com\/sobre\/wp-json\/wp\/v2\/posts"}],"about":[{"href":"https:\/\/www.guiabutanta.com\/sobre\/wp-json\/wp\/v2\/types\/post"}],"author":[{"embeddable":true,"href":"https:\/\/www.guiabutanta.com\/sobre\/wp-json\/wp\/v2\/users\/1"}],"replies":[{"embeddable":true,"href":"https:\/\/www.guiabutanta.com\/sobre\/wp-json\/wp\/v2\/comments?post=22946"}],"version-history":[{"count":0,"href":"https:\/\/www.guiabutanta.com\/sobre\/wp-json\/wp\/v2\/posts\/22946\/revisions"}],"wp:attachment":[{"href":"https:\/\/www.guiabutanta.com\/sobre\/wp-json\/wp\/v2\/media?parent=22946"}],"wp:term":[{"taxonomy":"category","embeddable":true,"href":"https:\/\/www.guiabutanta.com\/sobre\/wp-json\/wp\/v2\/categories?post=22946"},{"taxonomy":"post_tag","embeddable":true,"href":"https:\/\/www.guiabutanta.com\/sobre\/wp-json\/wp\/v2\/tags?post=22946"}],"curies":[{"name":"wp","href":"https:\/\/api.w.org\/{rel}","templated":true}]}}