{"id":24687,"date":"2026-04-28T14:28:25","date_gmt":"2026-04-28T17:28:25","guid":{"rendered":"https:\/\/www.guiabutanta.com\/sobre\/greve-na-usp-estudantes-paralisam-atividades-por-tempo-indeterminado\/"},"modified":"2026-04-28T14:28:25","modified_gmt":"2026-04-28T17:28:25","slug":"greve-na-usp-estudantes-paralisam-atividades-por-tempo-indeterminado","status":"publish","type":"post","link":"https:\/\/www.guiabutanta.com\/sobre\/greve-na-usp-estudantes-paralisam-atividades-por-tempo-indeterminado\/","title":{"rendered":"Greve na USP: estudantes paralisam atividades por tempo indeterminado"},"content":{"rendered":"<h2>Contexto da Greve na USP<\/h2>\n<p>Recentemente, os alunos do campus Butant\u00e3 da <strong>Universidade de S\u00e3o Paulo (USP)<\/strong> tomaram a decis\u00e3o de se unir \u00e0 greve dos funcion\u00e1rios, interrompendo suas atividades por um per\u00edodo indeterminado. Essa paralisa\u00e7\u00e3o visa apoiar as reivindica\u00e7\u00f5es dos trabalhadores, que est\u00e3o lutando por um reajuste salarial e melhores condi\u00e7\u00f5es de trabalho.<\/p>\n<p>A assembleia que desencadeou essa mobiliza\u00e7\u00e3o ocorreu na quarta-feira, dia 15, e foi realizada no v\u00e3o da <strong>Faculdade de Filosofia, Letras e Ci\u00eancias Humanas (FFLCH)<\/strong>. O evento foi convocado pelo Diret\u00f3rio Central dos Estudantes, conhecido como DCE Alexandre Vannucchi Leme, e reuniu um grande n\u00famero de participantes.<\/p>\n<h2>Motiva\u00e7\u00f5es dos Estudantes<\/h2>\n<p>A ades\u00e3o \u00e0 greve por parte dos estudantes \u00e9 um chamado \u00e0 a\u00e7\u00e3o em solidariedade aos funcion\u00e1rios da institui\u00e7\u00e3o, que t\u00eam apresentado suas demandas por mudan\u00e7as que consideram essenciais. Os alunos consideram que a mobiliza\u00e7\u00e3o conjunta pode exercer maior press\u00e3o sobre a administra\u00e7\u00e3o da universidade, a fim de que suas reivindica\u00e7\u00f5es sejam ouvidas e atendidas.<\/p>\n<p><img decoding=\"async\" src=\"http:\/\/www.guiabutanta.com\/sobre\/wp-content\/uploads\/2026\/04\/greve-na-usp-estudantes-paralisam-atividades-por-tempo-indeterminado.webp\" alt=\"greve na usp\" loading=\"lazy\" \/><\/p>\n<p>O apoio aos trabalhadores reflete uma preocupa\u00e7\u00e3o com as condi\u00e7\u00f5es de trabalho e de ensino, que os alunos consideram estar amea\u00e7adas pela falta de investimentos e pela privatiza\u00e7\u00e3o de servi\u00e7os essenciais na universidade.<\/p>\n<h2>Assembleia Geral e Decis\u00f5es<\/h2>\n<p>Ap\u00f3s a delibera\u00e7\u00e3o, cada instituto da USP come\u00e7ar\u00e1 a realizar assemblies internas para decidir se se alinha ao movimento grevista. V\u00e1rias disciplinas j\u00e1 manifestaram sua aprova\u00e7\u00e3o \u00e0 paralisa\u00e7\u00e3o, incluindo <strong>Qu\u00edmica<\/strong>, <strong>Arquitetura<\/strong>, <strong>Design<\/strong>, <strong>Hist\u00f3ria<\/strong> e o <strong>Instituto de Geoci\u00eancias (IGC-USP)<\/strong>. Outras faculdades ainda est\u00e3o programadas para discutir a ades\u00e3o \u00e0 greve nos pr\u00f3ximos dias, o que demonstraria um forte sentimento coletivo entre os estudantes.<\/p>\n<h2>Apoio aos Funcion\u00e1rios da USP<\/h2>\n<p>A greve geral dos estudantes \u00e9 vista como uma forma de solidariedade aos funcion\u00e1rios que, h\u00e1 j\u00e1 algum tempo, tentam dialogar com a administra\u00e7\u00e3o da universidade para informar sobre suas condi\u00e7\u00f5es insatisfat\u00f3rias. O movimento \u00e9 um reflexo do desejo de melhorias e \u00e9 considerado um passo importante para a luta por direitos, tanto para os alunos quanto para os funcion\u00e1rios.<\/p>\n<p>O apoio estudantil \u00e9 crucial, pois a uni\u00e3o das vozes pode provocar mudan\u00e7as significativas nas decis\u00f5es da gest\u00e3o da USP. Isso demonstra que os alunos est\u00e3o atentos \u00e0s quest\u00f5es que afetam n\u00e3o apenas a eles, mas a toda a comunidade universit\u00e1ria.<\/p>\n<h2>Reivindica\u00e7\u00f5es dos Estudantes<\/h2>\n<p>As demandas levantadas pelos alunos incluem:<\/p>\n<ul>\n<li><strong>Melhorias nas condi\u00e7\u00f5es dos bandej\u00f5es:<\/strong> Os estudantes est\u00e3o solicitando uma reestrutura\u00e7\u00e3o na alimenta\u00e7\u00e3o oferecida nas cantinas e bandej\u00f5es, visando melhor qualidade e diversidade nos alimentos.<\/li>\n<li><strong>Fim da privatiza\u00e7\u00e3o de servi\u00e7os:<\/strong> Exigem que servi\u00e7os essenciais dentro da universidade n\u00e3o sejam entregues a empresas privadas, o que pode resultar em perdas de qualidade e acessibilidade para a comunidade acad\u00eamica.<\/li>\n<li><strong>Aumento do valor do Programa de Apoio \u00e0 Perman\u00eancia e Forma\u00e7\u00e3o Estudantil (Papfe):<\/strong> O objetivo \u00e9 que este valor chegue ao equivalente a um sal\u00e1rio m\u00ednimo paulista, buscando garantir suporte financeiro mais adequado aos alunos.<\/li>\n<li><strong>Melhora nas pol\u00edticas de perman\u00eancia estudantil:<\/strong> Solicitam medidas que ajudem a suportar a perman\u00eancia de estudantes na universidade.<\/li>\n<li><strong>Defesa dos espa\u00e7os estudantis:<\/strong> O grupo busca garantir que os espa\u00e7os de conviv\u00eancia e os servi\u00e7os que apoiam a faixa estudantil sejam reconhecidos e preservados.<\/li>\n<li><strong>Isonomia salarial entre docentes e funcion\u00e1rios:<\/strong> A luta \u00e9 pela igualdade nas remunera\u00e7\u00f5es, reafirmando que todos merecem ser valorizados de acordo com suas fun\u00e7\u00f5es.<\/li>\n<\/ul>\n<h2>Impactos da Paralisa\u00e7\u00e3o<\/h2>\n<p>A paralisa\u00e7\u00e3o dos estudantes e funcion\u00e1rios da USP dever\u00e1 ter um impacto significativo no funcionamento da universidade. Muitas aulas est\u00e3o sendo canceladas, e o acesso aos servi\u00e7os da universidade est\u00e1 sendo restrito devido aos piquetes organizados pelos alunos. Essa a\u00e7\u00e3o tem como principal objetivo chamar a aten\u00e7\u00e3o da administra\u00e7\u00e3o e da sociedade civil sobre as situa\u00e7\u00f5es cr\u00edticas enfrentadas pela comunidade acad\u00eamica.<\/p>\n<p>Com a ades\u00e3o de 105 cursos da universidade, que engloba diversos campi, a mobiliza\u00e7\u00e3o adquiriu uma propor\u00e7\u00e3o consider\u00e1vel. A participa\u00e7\u00e3o dos estudantes em piquetes para bloquear o acesso aos pr\u00e9dios acad\u00eamicos \u00e9 uma a\u00e7\u00e3o indicada para sensibilizar a gest\u00e3o.<\/p>\n<h2>Calend\u00e1rio de Assembleias<\/h2>\n<p>O movimento segue com o calend\u00e1rio de assembleias para avaliar o prosseguimento da greve.<\/p>\n<h3>16 de abril (quinta-feira)<\/h3>\n<ul>\n<li>Psicologia (Butant\u00e3)<\/li>\n<li>Instituto de Matem\u00e1tica e Estat\u00edstica (IME)<\/li>\n<li>Instituto de Oceanografia (IO)<\/li>\n<li>USP S\u00e3o Carlos<\/li>\n<li>Letras<\/li>\n<li>Escola Polit\u00e9cnica (Poli)<\/li>\n<li>Geografia<\/li>\n<li>Enfermagem<\/li>\n<li>Ci\u00eancias Sociais<\/li>\n<\/ul>\n<h3>17 de abril (sexta-feira)<\/h3>\n<ul>\n<li>Instituto de Rela\u00e7\u00f5es Internacionais (IRI)<\/li>\n<li>Farm\u00e1cia (Butant\u00e3)<\/li>\n<li>Biologia<\/li>\n<li>Departamento de Fisioterapia, Fonoaudiologia e Terapia Ocupacional (FOFITO)<\/li>\n<li>Escola de Comunica\u00e7\u00f5es e Artes (ECA)<\/li>\n<\/ul>\n<p>A assembleia geral, que trouxe uma diversidade de estudantes de m\u00faltiplas \u00e1reas, resultou na decis\u00e3o un\u00e2nime de apoiar a greve e suas reivindica\u00e7\u00f5es.<\/p>\n<h2>Mobiliza\u00e7\u00e3o Pr\u00e9via dos Alunos<\/h2>\n<p>Antes da greva formal, j\u00e1 havia sinais de mobiliza\u00e7\u00e3o entre os estudantes. No dia 14 de abril, os alunos participaram de uma paralisa\u00e7\u00e3o em apoio \u00e0s demandas dos funcion\u00e1rios, coordenada pelo <strong>Sindicato dos Trabalhadores da USP (Sintusp)<\/strong>. A a\u00e7\u00e3o demonstrou que a insatisfa\u00e7\u00e3o e a luta por melhorias est\u00e3o enraizadas nas preocupa\u00e7\u00f5es da comunidade acad\u00eamica.<\/p>\n<h2>A Repercuss\u00e3o na Comunidade Acad\u00eamica<\/h2>\n<p>A repercuss\u00e3o da greve constitui-se como um tema de discuss\u00e3o que ressoa n\u00e3o apenas dentro da USP, mas tamb\u00e9m na sociedade em geral. A uni\u00e3o de estudantes e funcion\u00e1rios em busca de mudan\u00e7as e melhorias em suas condi\u00e7\u00f5es de vida dentro da universidade destaca a import\u00e2ncia de um di\u00e1logo aberto e produtivo com a administra\u00e7\u00e3o.<\/p>\n<p>As a\u00e7\u00f5es de greve e paralisa\u00e7\u00e3o s\u00e3o frequentemente vistas como um reflexo das necessidades e aspira\u00e7\u00f5es de uma gera\u00e7\u00e3o que busca um sistema educacional mais justo e acess\u00edvel.<\/p>\n<h2>Pr\u00f3ximos Passos na Luta<\/h2>\n<p>\u00c0 medida que a greve continua, as discuss\u00f5es e assembleias em v\u00e1rias faculdades s\u00e3o esperadas para os pr\u00f3ximos dias. Os estudantes est\u00e3o determinados a manter a press\u00e3o sobre a administra\u00e7\u00e3o para que suas reivindica\u00e7\u00f5es sejam atendidas, e a cada nova assembleia, o movimento ganha for\u00e7a e coes\u00e3o.<\/p>\n<p>A luta pela melhoria no ambiente acad\u00eamico e as condi\u00e7\u00f5es de vida dos alunos e funcion\u00e1rios da USP n\u00e3o \u00e9 apenas uma batalha local, mas uma quest\u00e3o que impacta a educa\u00e7\u00e3o superior em todo o Brasil.<\/p>\n","protected":false},"excerpt":{"rendered":"<p>Greve na USP: Estudantes se unem em defesa de direitos trabalhistas essenciais.<\/p>\n","protected":false},"author":1,"featured_media":24686,"comment_status":"closed","ping_status":"closed","sticky":false,"template":"","format":"standard","meta":{"footnotes":""},"categories":[8],"tags":[],"class_list":["post-24687","post","type-post","status-publish","format-standard","has-post-thumbnail","hentry","category-noticias-no-butanta","has_thumb"],"aioseo_notices":[],"_links":{"self":[{"href":"https:\/\/www.guiabutanta.com\/sobre\/wp-json\/wp\/v2\/posts\/24687","targetHints":{"allow":["GET"]}}],"collection":[{"href":"https:\/\/www.guiabutanta.com\/sobre\/wp-json\/wp\/v2\/posts"}],"about":[{"href":"https:\/\/www.guiabutanta.com\/sobre\/wp-json\/wp\/v2\/types\/post"}],"author":[{"embeddable":true,"href":"https:\/\/www.guiabutanta.com\/sobre\/wp-json\/wp\/v2\/users\/1"}],"replies":[{"embeddable":true,"href":"https:\/\/www.guiabutanta.com\/sobre\/wp-json\/wp\/v2\/comments?post=24687"}],"version-history":[{"count":0,"href":"https:\/\/www.guiabutanta.com\/sobre\/wp-json\/wp\/v2\/posts\/24687\/revisions"}],"wp:featuredmedia":[{"embeddable":true,"href":"https:\/\/www.guiabutanta.com\/sobre\/wp-json\/wp\/v2\/media\/24686"}],"wp:attachment":[{"href":"https:\/\/www.guiabutanta.com\/sobre\/wp-json\/wp\/v2\/media?parent=24687"}],"wp:term":[{"taxonomy":"category","embeddable":true,"href":"https:\/\/www.guiabutanta.com\/sobre\/wp-json\/wp\/v2\/categories?post=24687"},{"taxonomy":"post_tag","embeddable":true,"href":"https:\/\/www.guiabutanta.com\/sobre\/wp-json\/wp\/v2\/tags?post=24687"}],"curies":[{"name":"wp","href":"https:\/\/api.w.org\/{rel}","templated":true}]}}