{"id":66,"date":"2008-03-17T10:04:14","date_gmt":"2008-03-17T13:04:14","guid":{"rendered":"http:\/\/www.guiabutanta.com\/butanta\/kassab-reinaugura-praca-em-antiga-area-degradada-no-butanta\/"},"modified":"2019-04-12T15:55:14","modified_gmt":"2019-04-12T18:55:14","slug":"kassab-reinaugura-praca-em-antiga-area-degradada-no-butanta","status":"publish","type":"post","link":"https:\/\/www.guiabutanta.com\/sobre\/kassab-reinaugura-praca-em-antiga-area-degradada-no-butanta\/","title":{"rendered":"Kassab reinaugura pra\u00e7a em antiga \u00e1rea degradada no Butant\u00e3"},"content":{"rendered":"<p>O prefeito Gilberto Kassab reinaugurou no \u00faltimo dia 15 a Pra\u00e7a Maria Homem de Montes, no distrito de <a href=\"http:\/\/www.guiabutanta.com\/\" title=\"Vila S\u00f4nia - Butant\u00e3\">Vila S\u00f4nia<\/a>, na Zona Sul da Cidade. A regi\u00e3o da pra\u00e7a, de 2.280 metros quadrados, foi inteiramente revitalizada.<\/p>\n<p>&#8220;Pra\u00e7as s\u00e3o equipamentos p\u00fablicos importantes para o lazer da popula\u00e7\u00e3o. Com a cria\u00e7\u00e3o desse espa\u00e7o, estamos levando qualidade de vida para os moradores&#8221;, afirmou Kassab.<\/p>\n<p>Antes das obras de requalifica\u00e7\u00e3o, o local estava degradado e n\u00e3o apresentava qualquer equipamento de lazer. A \u00e1rea era utilizada como estacionamento de ve\u00edculos e tamb\u00e9m era ocupada por vendedores ambulantes.<\/p>\n<p>Para recuperar a regi\u00e3o e entregar a \u00e1rea de lazer, o espa\u00e7o passou por uma interven\u00e7\u00e3o paisag\u00edstica, executada em duas etapas. Inicialmente, foi constru\u00eddo o passeio externo, de acordo com normas de acessibilidade para pessoas deficientes. Posteriormente, houve a implanta\u00e7\u00e3o de \u00e1rea de lazer e circula\u00e7\u00e3o interna, com bancos. A pra\u00e7a ganhou \u00e1rvores, arbustos e forra\u00e7\u00f5es.<\/p>\n","protected":false},"excerpt":{"rendered":"<p>O prefeito Gilberto Kassab reinaugurou no \u00faltimo dia 15 a Pra\u00e7a Maria Homem de Montes, no distrito de Vila S\u00f4nia, na Zona Sul da Cidade. A regi\u00e3o da pra\u00e7a, de 2.280 metros quadrados, foi inteiramente revitalizada. &#8220;Pra\u00e7as s\u00e3o equipamentos p\u00fablicos importantes para o lazer da popula\u00e7\u00e3o. Com a cria\u00e7\u00e3o desse espa\u00e7o, estamos levando qualidade de vida para os moradores&#8221;, afirmou Kassab. Antes das obras de requalifica\u00e7\u00e3o, o local estava degradado e n\u00e3o apresentava qualquer equipamento de lazer. A \u00e1rea era utilizada como estacionamento de ve\u00edculos e tamb\u00e9m era ocupada por vendedores ambulantes. Para recuperar a regi\u00e3o e entregar a \u00e1rea <\/p>\n","protected":false},"author":1,"featured_media":0,"comment_status":"open","ping_status":"closed","sticky":false,"template":"","format":"standard","meta":{"footnotes":""},"categories":[8],"tags":[],"class_list":["post-66","post","type-post","status-publish","format-standard","hentry","category-noticias-no-butanta"],"aioseo_notices":[],"_links":{"self":[{"href":"https:\/\/www.guiabutanta.com\/sobre\/wp-json\/wp\/v2\/posts\/66","targetHints":{"allow":["GET"]}}],"collection":[{"href":"https:\/\/www.guiabutanta.com\/sobre\/wp-json\/wp\/v2\/posts"}],"about":[{"href":"https:\/\/www.guiabutanta.com\/sobre\/wp-json\/wp\/v2\/types\/post"}],"author":[{"embeddable":true,"href":"https:\/\/www.guiabutanta.com\/sobre\/wp-json\/wp\/v2\/users\/1"}],"replies":[{"embeddable":true,"href":"https:\/\/www.guiabutanta.com\/sobre\/wp-json\/wp\/v2\/comments?post=66"}],"version-history":[{"count":0,"href":"https:\/\/www.guiabutanta.com\/sobre\/wp-json\/wp\/v2\/posts\/66\/revisions"}],"wp:attachment":[{"href":"https:\/\/www.guiabutanta.com\/sobre\/wp-json\/wp\/v2\/media?parent=66"}],"wp:term":[{"taxonomy":"category","embeddable":true,"href":"https:\/\/www.guiabutanta.com\/sobre\/wp-json\/wp\/v2\/categories?post=66"},{"taxonomy":"post_tag","embeddable":true,"href":"https:\/\/www.guiabutanta.com\/sobre\/wp-json\/wp\/v2\/tags?post=66"}],"curies":[{"name":"wp","href":"https:\/\/api.w.org\/{rel}","templated":true}]}}